{"id":9176,"date":"2021-01-17T09:49:35","date_gmt":"2021-01-17T09:49:35","guid":{"rendered":"http:\/\/paroquiagloria.org\/v2\/?p=9176"},"modified":"2021-01-17T09:49:35","modified_gmt":"2021-01-17T09:49:35","slug":"desafios-pastorais-da-pandemia-a-igreja-em-portugal-iii","status":"publish","type":"post","link":"http:\/\/paroquiagloria.org\/v2\/?p=9176","title":{"rendered":"Desafios Pastorais da Pandemia \u00e0 Igreja em Portugal &#8211; III"},"content":{"rendered":"<p><a href=\"http:\/\/paroquiagloria.org\/v2\/wp-content\/uploads\/2013\/02\/elderly-woman.jpg\"><img loading=\"lazy\" class=\"size-large wp-image-9160 aligncenter\" src=\"http:\/\/paroquiagloria.org\/v2\/wp-content\/uploads\/2013\/02\/elderly-woman-1024x576.jpg\" alt=\"elderly-woman-hearing-loss\" width=\"1024\" height=\"576\" srcset=\"http:\/\/paroquiagloria.org\/v2\/wp-content\/uploads\/2013\/02\/elderly-woman-1024x576.jpg 1024w, http:\/\/paroquiagloria.org\/v2\/wp-content\/uploads\/2013\/02\/elderly-woman-300x169.jpg 300w, http:\/\/paroquiagloria.org\/v2\/wp-content\/uploads\/2013\/02\/elderly-woman.jpg 1878w\" sizes=\"(max-width: 1024px) 100vw, 1024px\" \/><\/a><\/p>\n<p><strong>10.<\/strong> A solid\u00e3o mata, ouve-se dizer. Mas morrer na solid\u00e3o deve ser tremendo. E quantos, nos hospitais, nos lares e nas fam\u00edlias viviam e morriam j\u00e1 na solid\u00e3o?<br \/>\nA quest\u00e3o dos idosos e a ideia de que s\u00e3o descart\u00e1veis \u00e9 um esc\u00e2ndalo que se revelou em toda a sua brutalidade. Devemos isolar de n\u00f3s o v\u00edrus e n\u00e3o o idoso, tornando-o desumanamente solit\u00e1rio. Sentir-se solit\u00e1rio \u00e9 o equivalente social a sentir dor f\u00edsica. (\u2026) Mostr\u00e1mos n\u00e3o ter capacidade de resposta para a solid\u00e3o. D\u00f3i pensar nos idosos que n\u00e3o pudemos visitar, nos filhos que viram os seus pais e m\u00e3es partirem na solid\u00e3o, bem como a impossibilidade pr\u00e1tica, tantas vezes presente, de lhes fazer chegar o conforto e a esperan\u00e7a espiritual.<br \/>\n<strong>11.<\/strong> O lugar ideal para vencer a solid\u00e3o \u00e9 a fam\u00edlia. O modelo e o funcionamento dos lares devem ser profundamente repensados, tanto no que se refere ao equil\u00edbrio do seu financiamento e gest\u00e3o pelo Estado e por entidades da sociedade civil, como no respeitante \u00e0 diferencia\u00e7\u00e3o dos servi\u00e7os a\u00ed prestados e \u00e0 articula\u00e7\u00e3o com as fam\u00edlias.<br \/>\n<strong>12.<\/strong> As comunidades crist\u00e3s devem ser estimuladoras de uma cultura de proximidade, organizada e proactiva, que anime os s\u00f3s. A partilha dos bens, do saber, do tempo, da simpatia e da amabilidade deve ver-se na elabora\u00e7\u00e3o de projetos de servi\u00e7o volunt\u00e1rio que envolvam crentes e n\u00e3o crentes, para que ningu\u00e9m viva, sofra ou morra na solid\u00e3o. Quanto as gera\u00e7\u00f5es mais novas beneficiariam! Quanto individualismo e ego\u00edsmo seriam queimados para sempre pelo fogo da caridade!<\/p>\n","protected":false},"excerpt":{"rendered":"<p>10. A solid\u00e3o mata, ouve-se dizer. Mas morrer na solid\u00e3o deve ser tremendo. E quantos, nos hospitais, nos lares e nas fam\u00edlias viviam e morriam j\u00e1 na solid\u00e3o? A quest\u00e3o dos idosos e a ideia de que s\u00e3o descart\u00e1veis \u00e9 um esc\u00e2ndalo que se revelou em toda a sua brutalidade. Devemos isolar de n\u00f3s o [&hellip;]<\/p>\n","protected":false},"author":1,"featured_media":9159,"comment_status":"open","ping_status":"closed","sticky":false,"template":"","format":"standard","meta":{"ngg_post_thumbnail":0},"categories":[1,4,2,6,23],"tags":[],"_links":{"self":[{"href":"http:\/\/paroquiagloria.org\/v2\/index.php?rest_route=\/wp\/v2\/posts\/9176"}],"collection":[{"href":"http:\/\/paroquiagloria.org\/v2\/index.php?rest_route=\/wp\/v2\/posts"}],"about":[{"href":"http:\/\/paroquiagloria.org\/v2\/index.php?rest_route=\/wp\/v2\/types\/post"}],"author":[{"embeddable":true,"href":"http:\/\/paroquiagloria.org\/v2\/index.php?rest_route=\/wp\/v2\/users\/1"}],"replies":[{"embeddable":true,"href":"http:\/\/paroquiagloria.org\/v2\/index.php?rest_route=%2Fwp%2Fv2%2Fcomments&post=9176"}],"version-history":[{"count":1,"href":"http:\/\/paroquiagloria.org\/v2\/index.php?rest_route=\/wp\/v2\/posts\/9176\/revisions"}],"predecessor-version":[{"id":9177,"href":"http:\/\/paroquiagloria.org\/v2\/index.php?rest_route=\/wp\/v2\/posts\/9176\/revisions\/9177"}],"wp:featuredmedia":[{"embeddable":true,"href":"http:\/\/paroquiagloria.org\/v2\/index.php?rest_route=\/wp\/v2\/media\/9159"}],"wp:attachment":[{"href":"http:\/\/paroquiagloria.org\/v2\/index.php?rest_route=%2Fwp%2Fv2%2Fmedia&parent=9176"}],"wp:term":[{"taxonomy":"category","embeddable":true,"href":"http:\/\/paroquiagloria.org\/v2\/index.php?rest_route=%2Fwp%2Fv2%2Fcategories&post=9176"},{"taxonomy":"post_tag","embeddable":true,"href":"http:\/\/paroquiagloria.org\/v2\/index.php?rest_route=%2Fwp%2Fv2%2Ftags&post=9176"}],"curies":[{"name":"wp","href":"https:\/\/api.w.org\/{rel}","templated":true}]}}