{"id":9174,"date":"2021-01-17T09:47:03","date_gmt":"2021-01-17T09:47:03","guid":{"rendered":"http:\/\/paroquiagloria.org\/v2\/?p=9174"},"modified":"2021-01-17T09:50:10","modified_gmt":"2021-01-17T09:50:10","slug":"oracao-pela-unidade-dos-cristaos","status":"publish","type":"post","link":"http:\/\/paroquiagloria.org\/v2\/?p=9174","title":{"rendered":"Ora\u00e7\u00e3o pela Unidade dos Crist\u00e3os"},"content":{"rendered":"<p><a href=\"http:\/\/paroquiagloria.org\/v2\/wp-content\/uploads\/2013\/02\/20210115-semana-oracao-unidade-cristaos-2021-2-850x635.jpg\"><img loading=\"lazy\" class=\"size-full wp-image-9167 aligncenter\" src=\"http:\/\/paroquiagloria.org\/v2\/wp-content\/uploads\/2013\/02\/20210115-semana-oracao-unidade-cristaos-2021-2-850x635.jpg\" alt=\"20210115-semana-oracao-unidade-cristaos-2021-2-850x635\" width=\"850\" height=\"635\" srcset=\"http:\/\/paroquiagloria.org\/v2\/wp-content\/uploads\/2013\/02\/20210115-semana-oracao-unidade-cristaos-2021-2-850x635.jpg 850w, http:\/\/paroquiagloria.org\/v2\/wp-content\/uploads\/2013\/02\/20210115-semana-oracao-unidade-cristaos-2021-2-850x635-300x224.jpg 300w\" sizes=\"(max-width: 850px) 100vw, 850px\" \/><\/a><\/p>\n<p>De <strong>18 a 25 de janeiro<\/strong> vivemos a Semana de Ora\u00e7\u00e3o pela Unidade dos Crist\u00e3os.<br \/>\nA Semana de Ora\u00e7\u00e3o pela Unidade dos Crist\u00e3os em 2021 foi preparada pela Comunidade Mon\u00e1stica de Grandchamp. O tema que foi escolhido &#8211; <strong>Permanecei no meu amor e produzireis muitos frutos<\/strong> &#8211; est\u00e1 baseado em Jo\u00e3o 15,1-17 e expressa a voca\u00e7\u00e3o para a ora\u00e7\u00e3o, reconcilia\u00e7\u00e3o e unidade na Igreja e na fam\u00edlia humana, presente na Comunidade de Grandchamp.<\/p>\n<p><a href=\"http:\/\/paroquiagloria.org\/v2\/wp-content\/uploads\/2013\/02\/2021-SPUC-PT-Livret_UnidadedosCrist\u00e3os.pdf\" target=\"_blank\">GUI\u00c3O<\/a><\/p>\n<p>&nbsp;<\/p>\n<p><a href=\"http:\/\/paroquiagloria.org\/v2\/wp-content\/uploads\/2013\/02\/Ora\u00e7aoPapa_Janeiro2021.jpg\"><img loading=\"lazy\" class=\"size-large wp-image-9163 aligncenter\" src=\"http:\/\/paroquiagloria.org\/v2\/wp-content\/uploads\/2013\/02\/Ora\u00e7aoPapa_Janeiro2021-1024x683.jpg\" alt=\"Ora\u00e7aoPapa_Janeiro2021\" width=\"1024\" height=\"683\" srcset=\"http:\/\/paroquiagloria.org\/v2\/wp-content\/uploads\/2013\/02\/Ora\u00e7aoPapa_Janeiro2021.jpg 1024w, http:\/\/paroquiagloria.org\/v2\/wp-content\/uploads\/2013\/02\/Ora\u00e7aoPapa_Janeiro2021-300x200.jpg 300w, http:\/\/paroquiagloria.org\/v2\/wp-content\/uploads\/2013\/02\/Ora\u00e7aoPapa_Janeiro2021-140x94.jpg 140w\" sizes=\"(max-width: 1024px) 100vw, 1024px\" \/><\/a><\/p>\n<p>&nbsp;<\/p>\n<p><strong>Inten\u00e7\u00e3o do Papa Francisco<\/strong><br \/>\n<em>A fraternidade humana (Pela Evangeliza\u00e7\u00e3o)<\/em><br \/>\nRezemos para que o Senhor nos d\u00ea a gra\u00e7a de viver em plena fraternidade com os irm\u00e3os e irm\u00e3s de outras religi\u00f5es, rezando uns pelos outros, abertos a todos.<\/p>\n","protected":false},"excerpt":{"rendered":"<p>De 18 a 25 de janeiro vivemos a Semana de Ora\u00e7\u00e3o pela Unidade dos Crist\u00e3os. A Semana de Ora\u00e7\u00e3o pela Unidade dos Crist\u00e3os em 2021 foi preparada pela Comunidade Mon\u00e1stica de Grandchamp. O tema que foi escolhido &#8211; Permanecei no meu amor e produzireis muitos frutos &#8211; est\u00e1 baseado em Jo\u00e3o 15,1-17 e expressa a [&hellip;]<\/p>\n","protected":false},"author":1,"featured_media":9165,"comment_status":"open","ping_status":"closed","sticky":false,"template":"","format":"standard","meta":{"ngg_post_thumbnail":0},"categories":[1,4,2,6,23],"tags":[],"_links":{"self":[{"href":"http:\/\/paroquiagloria.org\/v2\/index.php?rest_route=\/wp\/v2\/posts\/9174"}],"collection":[{"href":"http:\/\/paroquiagloria.org\/v2\/index.php?rest_route=\/wp\/v2\/posts"}],"about":[{"href":"http:\/\/paroquiagloria.org\/v2\/index.php?rest_route=\/wp\/v2\/types\/post"}],"author":[{"embeddable":true,"href":"http:\/\/paroquiagloria.org\/v2\/index.php?rest_route=\/wp\/v2\/users\/1"}],"replies":[{"embeddable":true,"href":"http:\/\/paroquiagloria.org\/v2\/index.php?rest_route=%2Fwp%2Fv2%2Fcomments&post=9174"}],"version-history":[{"count":2,"href":"http:\/\/paroquiagloria.org\/v2\/index.php?rest_route=\/wp\/v2\/posts\/9174\/revisions"}],"predecessor-version":[{"id":9178,"href":"http:\/\/paroquiagloria.org\/v2\/index.php?rest_route=\/wp\/v2\/posts\/9174\/revisions\/9178"}],"wp:featuredmedia":[{"embeddable":true,"href":"http:\/\/paroquiagloria.org\/v2\/index.php?rest_route=\/wp\/v2\/media\/9165"}],"wp:attachment":[{"href":"http:\/\/paroquiagloria.org\/v2\/index.php?rest_route=%2Fwp%2Fv2%2Fmedia&parent=9174"}],"wp:term":[{"taxonomy":"category","embeddable":true,"href":"http:\/\/paroquiagloria.org\/v2\/index.php?rest_route=%2Fwp%2Fv2%2Fcategories&post=9174"},{"taxonomy":"post_tag","embeddable":true,"href":"http:\/\/paroquiagloria.org\/v2\/index.php?rest_route=%2Fwp%2Fv2%2Ftags&post=9174"}],"curies":[{"name":"wp","href":"https:\/\/api.w.org\/{rel}","templated":true}]}}