{"id":9169,"date":"2021-01-17T09:45:32","date_gmt":"2021-01-17T09:45:32","guid":{"rendered":"http:\/\/paroquiagloria.org\/v2\/?p=9169"},"modified":"2021-01-17T09:45:32","modified_gmt":"2021-01-17T09:45:32","slug":"domingo-iii-do-tempo-comum","status":"publish","type":"post","link":"http:\/\/paroquiagloria.org\/v2\/?p=9169","title":{"rendered":"DOMINGO III DO TEMPO COMUM"},"content":{"rendered":"<h2>Domingo da Palavra de Deus &#8211; 24 de janeiro de 2021<\/h2>\n<p>&nbsp;<\/p>\n<p><a href=\"http:\/\/paroquiagloria.org\/v2\/wp-content\/uploads\/2021\/01\/mardagalileia.jpg\"><img loading=\"lazy\" class=\"size-full wp-image-9172 aligncenter\" src=\"http:\/\/paroquiagloria.org\/v2\/wp-content\/uploads\/2021\/01\/mardagalileia.jpg\" alt=\"mardagalileia\" width=\"512\" height=\"512\" srcset=\"http:\/\/paroquiagloria.org\/v2\/wp-content\/uploads\/2021\/01\/mardagalileia.jpg 512w, http:\/\/paroquiagloria.org\/v2\/wp-content\/uploads\/2021\/01\/mardagalileia-150x150.jpg 150w, http:\/\/paroquiagloria.org\/v2\/wp-content\/uploads\/2021\/01\/mardagalileia-300x300.jpg 300w, http:\/\/paroquiagloria.org\/v2\/wp-content\/uploads\/2021\/01\/mardagalileia-185x185.jpg 185w, http:\/\/paroquiagloria.org\/v2\/wp-content\/uploads\/2021\/01\/mardagalileia-184x184.jpg 184w\" sizes=\"(max-width: 512px) 100vw, 512px\" \/><\/a><\/p>\n<p>Para ajudar a viver o domingo da Palavra de Deus, propomos a seguinte ora\u00e7\u00e3o com o Evangelho do pr\u00f3ximo domingo. A ora\u00e7\u00e3o segue em 4 passos:<\/p>\n<p style=\"padding-left: 60px;\">1. Preparar um canto de ora\u00e7\u00e3o com a B\u00edblia, um crucifixo ou \u00edcone, velas ou lamparinas, flores frescas.<br \/>\n2. Para come\u00e7ar, pode-se cantar ou escutar um c\u00e2ntico.<br \/>\n3. Ler e meditar o texto do Evangelho Marcos 1, 14-20<\/p>\n<p><strong>Adultos:<\/strong> O que \u00e9 que ainda tenho de deixar para melhor seguir Jesus? Como posso ser hoje &#8220;pescador de homens&#8221;?<br \/>\n<strong>Crian\u00e7as:<\/strong> Depois de ler, o que \u00e9 que Jesus diz a Sim\u00e3o e Andr\u00e9? O que achei mais interessante? Como compreendi as palavras que Jesus disse?<\/p>\n<p style=\"padding-left: 60px;\">4. Vamos agradecer ao Senhor as palavras que nos disse hoje. Elas ajudam-nos a aproximarmo-nos de Deus, a saber que nos fala pela sua Palavra, e nos chama tamb\u00e9m a n\u00f3s para o seguirmos com a mesma alegria dos primeiros disc\u00edpulos. Voltemo-nos para Ele, dizendo de novo a ora\u00e7\u00e3o que Jesus nos ensinou.&#8221;<\/p>\n<p><strong>Todos:<\/strong> &#8220;Pai nosso, que estais nos c\u00e9us\u2026&#8221;<\/p>\n<p>&nbsp;<\/p>\n<p><a href=\"http:\/\/paroquiagloria.org\/v2\/wp-content\/uploads\/2021\/01\/mardagalileia_black.jpg\"><img loading=\"lazy\" class=\"size-large wp-image-9171 aligncenter\" src=\"http:\/\/paroquiagloria.org\/v2\/wp-content\/uploads\/2021\/01\/mardagalileia_black-1024x742.jpg\" alt=\"mardagalileia_black\" width=\"1024\" height=\"742\" srcset=\"http:\/\/paroquiagloria.org\/v2\/wp-content\/uploads\/2021\/01\/mardagalileia_black-1024x742.jpg 1024w, http:\/\/paroquiagloria.org\/v2\/wp-content\/uploads\/2021\/01\/mardagalileia_black-300x217.jpg 300w, http:\/\/paroquiagloria.org\/v2\/wp-content\/uploads\/2021\/01\/mardagalileia_black.jpg 1158w\" sizes=\"(max-width: 1024px) 100vw, 1024px\" \/><\/a><\/p>\n","protected":false},"excerpt":{"rendered":"<p>Domingo da Palavra de Deus &#8211; 24 de janeiro de 2021 &nbsp; Para ajudar a viver o domingo da Palavra de Deus, propomos a seguinte ora\u00e7\u00e3o com o Evangelho do pr\u00f3ximo domingo. A ora\u00e7\u00e3o segue em 4 passos: 1. Preparar um canto de ora\u00e7\u00e3o com a B\u00edblia, um crucifixo ou \u00edcone, velas ou lamparinas, flores [&hellip;]<\/p>\n","protected":false},"author":1,"featured_media":9170,"comment_status":"open","ping_status":"closed","sticky":false,"template":"","format":"standard","meta":{"ngg_post_thumbnail":0},"categories":[1,4,2,6,23],"tags":[],"_links":{"self":[{"href":"http:\/\/paroquiagloria.org\/v2\/index.php?rest_route=\/wp\/v2\/posts\/9169"}],"collection":[{"href":"http:\/\/paroquiagloria.org\/v2\/index.php?rest_route=\/wp\/v2\/posts"}],"about":[{"href":"http:\/\/paroquiagloria.org\/v2\/index.php?rest_route=\/wp\/v2\/types\/post"}],"author":[{"embeddable":true,"href":"http:\/\/paroquiagloria.org\/v2\/index.php?rest_route=\/wp\/v2\/users\/1"}],"replies":[{"embeddable":true,"href":"http:\/\/paroquiagloria.org\/v2\/index.php?rest_route=%2Fwp%2Fv2%2Fcomments&post=9169"}],"version-history":[{"count":1,"href":"http:\/\/paroquiagloria.org\/v2\/index.php?rest_route=\/wp\/v2\/posts\/9169\/revisions"}],"predecessor-version":[{"id":9173,"href":"http:\/\/paroquiagloria.org\/v2\/index.php?rest_route=\/wp\/v2\/posts\/9169\/revisions\/9173"}],"wp:featuredmedia":[{"embeddable":true,"href":"http:\/\/paroquiagloria.org\/v2\/index.php?rest_route=\/wp\/v2\/media\/9170"}],"wp:attachment":[{"href":"http:\/\/paroquiagloria.org\/v2\/index.php?rest_route=%2Fwp%2Fv2%2Fmedia&parent=9169"}],"wp:term":[{"taxonomy":"category","embeddable":true,"href":"http:\/\/paroquiagloria.org\/v2\/index.php?rest_route=%2Fwp%2Fv2%2Fcategories&post=9169"},{"taxonomy":"post_tag","embeddable":true,"href":"http:\/\/paroquiagloria.org\/v2\/index.php?rest_route=%2Fwp%2Fv2%2Ftags&post=9169"}],"curies":[{"name":"wp","href":"https:\/\/api.w.org\/{rel}","templated":true}]}}