{"id":9152,"date":"2021-01-09T12:55:57","date_gmt":"2021-01-09T12:55:57","guid":{"rendered":"http:\/\/paroquiagloria.org\/v2\/?p=9152"},"modified":"2021-01-09T12:55:57","modified_gmt":"2021-01-09T12:55:57","slug":"desafios-pastorais-da-pandemia-a-igreja-em-portugal-ii","status":"publish","type":"post","link":"http:\/\/paroquiagloria.org\/v2\/?p=9152","title":{"rendered":"Desafios Pastorais da Pandemia \u00e0 Igreja em Portugal &#8211; II"},"content":{"rendered":"<p><a href=\"http:\/\/paroquiagloria.org\/v2\/wp-content\/uploads\/2021\/01\/takingCare.jpg\"><img loading=\"lazy\" class=\"size-full wp-image-9138 aligncenter\" src=\"http:\/\/paroquiagloria.org\/v2\/wp-content\/uploads\/2021\/01\/takingCare.jpg\" alt=\"takingCare\" width=\"540\" height=\"300\" srcset=\"http:\/\/paroquiagloria.org\/v2\/wp-content\/uploads\/2021\/01\/takingCare.jpg 540w, http:\/\/paroquiagloria.org\/v2\/wp-content\/uploads\/2021\/01\/takingCare-300x167.jpg 300w\" sizes=\"(max-width: 540px) 100vw, 540px\" \/><\/a><\/p>\n<p>&nbsp;<\/p>\n<p>&#8220;Embora a pandemia n\u00e3o tenha terminado, h\u00e1 in\u00fameros desafios &#8220;concentrados&#8221; no per\u00edodo de confinamento.<br \/>\n6. Defender a sa\u00fade dignifica a vida, mas o direito \u00e0 vida n\u00e3o \u00e9 s\u00f3 ter direito de viver. \u00c9 exig\u00edvel criar e manter as condi\u00e7\u00f5es para uma vida digna, sem discrimina\u00e7\u00f5es, minimizando o sofrimento decorrente de uma doen\u00e7a e tratando os doentes com todos os meios humanos, t\u00e9cnicos e cient\u00edficos dispon\u00edveis para um cuidado com qualidade. Cuidar de um doente significa prestar assist\u00eancia a uma pessoa fragilizada, abalada e insegura, em que a responsabilidade de quem cuida implica zelar, consolar e medicar de acordo com a individualidade de cada um. O cuidado para com a pessoa doente implica igualmente restaurar e curar a vida espiritual e suscitar esperan\u00e7a. Conscientes de que \u00e9 na doen\u00e7a que se revelam as suas fraturas e defici\u00eancias, o acompanhamento visa recuperar e desenvolver a comunh\u00e3o com Deus. Cuidar da vida desde a sua conce\u00e7\u00e3o at\u00e9 \u00e0 morte natural \u00e9 uma exig\u00eancia da sociedade que decorre do bem comum.<br \/>\n7. Sabemos que n\u00e3o h\u00e1 recursos ilimitados, sobretudo devido \u00e0s pol\u00edticas econ\u00f3micas deficientes. Mas, se a vida n\u00e3o for prioridade inquestion\u00e1vel, o que o ser\u00e1? O conceito de lucro na sa\u00fade \u00e9 problem\u00e1tico, quando se torna o crit\u00e9rio decisivo, exclusivo ou principal. Quais as consequ\u00eancias para a qualidade do servi\u00e7o de sa\u00fade p\u00fablico e privado? &#8220;Estamos todos no mesmo barco&#8221;, mas sabemos que a sa\u00fade n\u00e3o \u00e9 igual para todos e que se vive e morre em &#8220;barcos muitos desiguais&#8221;. Se n\u00e3o formos capazes de alterar este bin\u00f3mio &#8211; vida e sa\u00fade -, onde se mede a igual dignidade de todos, n\u00e3o teremos uma sociedade justa e solid\u00e1ria.<br \/>\n9. Um desafio pastoral urgente poder\u00e1 ser o de reunir pessoas atingidas pela experi\u00eancia do sofrimento, que caminhem lado a lado e rezem na companhia de quem sofre. Pessoas que n\u00e3o tenham medo de abordar com palavras e espiritualidade a vida at\u00e9 \u00e0 morte, sem esquecer a Vida Eterna. N\u00e3o se pode abandonar na solid\u00e3o quem est\u00e1 nos momentos mais exigentes e decisivos da vida. Saber\u00e1 ajudar a morrer quem souber viver a transcend\u00eancia.&#8221;<\/p>\n","protected":false},"excerpt":{"rendered":"<p>&nbsp; &#8220;Embora a pandemia n\u00e3o tenha terminado, h\u00e1 in\u00fameros desafios &#8220;concentrados&#8221; no per\u00edodo de confinamento. 6. Defender a sa\u00fade dignifica a vida, mas o direito \u00e0 vida n\u00e3o \u00e9 s\u00f3 ter direito de viver. \u00c9 exig\u00edvel criar e manter as condi\u00e7\u00f5es para uma vida digna, sem discrimina\u00e7\u00f5es, minimizando o sofrimento decorrente de uma doen\u00e7a e [&hellip;]<\/p>\n","protected":false},"author":1,"featured_media":9137,"comment_status":"open","ping_status":"closed","sticky":false,"template":"","format":"standard","meta":{"ngg_post_thumbnail":0},"categories":[1,4,2,6,23],"tags":[],"_links":{"self":[{"href":"http:\/\/paroquiagloria.org\/v2\/index.php?rest_route=\/wp\/v2\/posts\/9152"}],"collection":[{"href":"http:\/\/paroquiagloria.org\/v2\/index.php?rest_route=\/wp\/v2\/posts"}],"about":[{"href":"http:\/\/paroquiagloria.org\/v2\/index.php?rest_route=\/wp\/v2\/types\/post"}],"author":[{"embeddable":true,"href":"http:\/\/paroquiagloria.org\/v2\/index.php?rest_route=\/wp\/v2\/users\/1"}],"replies":[{"embeddable":true,"href":"http:\/\/paroquiagloria.org\/v2\/index.php?rest_route=%2Fwp%2Fv2%2Fcomments&post=9152"}],"version-history":[{"count":1,"href":"http:\/\/paroquiagloria.org\/v2\/index.php?rest_route=\/wp\/v2\/posts\/9152\/revisions"}],"predecessor-version":[{"id":9153,"href":"http:\/\/paroquiagloria.org\/v2\/index.php?rest_route=\/wp\/v2\/posts\/9152\/revisions\/9153"}],"wp:featuredmedia":[{"embeddable":true,"href":"http:\/\/paroquiagloria.org\/v2\/index.php?rest_route=\/wp\/v2\/media\/9137"}],"wp:attachment":[{"href":"http:\/\/paroquiagloria.org\/v2\/index.php?rest_route=%2Fwp%2Fv2%2Fmedia&parent=9152"}],"wp:term":[{"taxonomy":"category","embeddable":true,"href":"http:\/\/paroquiagloria.org\/v2\/index.php?rest_route=%2Fwp%2Fv2%2Fcategories&post=9152"},{"taxonomy":"post_tag","embeddable":true,"href":"http:\/\/paroquiagloria.org\/v2\/index.php?rest_route=%2Fwp%2Fv2%2Ftags&post=9152"}],"curies":[{"name":"wp","href":"https:\/\/api.w.org\/{rel}","templated":true}]}}