{"id":9129,"date":"2021-01-02T13:21:58","date_gmt":"2021-01-02T13:21:58","guid":{"rendered":"http:\/\/paroquiagloria.org\/v2\/?p=9129"},"modified":"2021-01-02T13:21:58","modified_gmt":"2021-01-02T13:21:58","slug":"54o-dia-mundial-da-paz","status":"publish","type":"post","link":"http:\/\/paroquiagloria.org\/v2\/?p=9129","title":{"rendered":"54\u00ba DIA MUNDIAL DA PAZ"},"content":{"rendered":"<p>&nbsp;<\/p>\n<h2>1\u00ba de Janeiro de 2021 &#8211; \u201cA Cultura do Cuidado como Percurso de Paz\u201d<\/h2>\n<p><a href=\"http:\/\/paroquiagloria.org\/v2\/wp-content\/uploads\/2013\/02\/papa_jan2021.jpeg\"><img loading=\"lazy\" class=\"size-large wp-image-9118 aligncenter\" src=\"http:\/\/paroquiagloria.org\/v2\/wp-content\/uploads\/2013\/02\/papa_jan2021-1024x576.jpeg\" alt=\"papa_jan2021\" width=\"1024\" height=\"576\" srcset=\"http:\/\/paroquiagloria.org\/v2\/wp-content\/uploads\/2013\/02\/papa_jan2021-1024x576.jpeg 1024w, http:\/\/paroquiagloria.org\/v2\/wp-content\/uploads\/2013\/02\/papa_jan2021-300x169.jpeg 300w, http:\/\/paroquiagloria.org\/v2\/wp-content\/uploads\/2013\/02\/papa_jan2021.jpeg 1500w\" sizes=\"(max-width: 1024px) 100vw, 1024px\" \/><\/a><\/p>\n<p>\u201cO ano de 2020 ensinou-nos a import\u00e2ncia de cuidarmos uns dos outros e da cria\u00e7\u00e3o a fim de se construir uma sociedade alicer\u00e7ada em rela\u00e7\u00f5es de fraternidade. Por isso, escolhi como tema desta mensagem \u00aba cultura do cuidado como percurso de paz\u00bb; a cultura do cuidado* para erradicar a cultura da indiferen\u00e7a, do descarte e do conflito, que hoje muitas vezes parece prevalecer.* O cuidado como promo\u00e7\u00e3o da dignidade e dos direitos da pessoa.<br \/>\nToda a pessoa humana \u00e9 fim em si mesma, e nunca um mero instrumento a ser avaliado apenas pela sua utilidade: foi criada para viver em conjunto na fam\u00edlia, na comunidade, na sociedade, onde todos os membros s\u00e3o iguais em dignidade.<br \/>\nO Papa Francisco aponta os princ\u00edpios da doutrina social da Igreja como base da cultura do cuidado*<\/p>\n<p style=\"padding-left: 60px;\">&#8211;\u00a0O cuidado como promo\u00e7\u00e3o da dignidade e dos direitos da pessoa<br \/>\n&#8211;\u00a0O cuidado do bem comum<br \/>\n&#8211;\u00a0O cuidado atrav\u00e9s da solidariedade<br \/>\n&#8211;\u00a0O cuidado e a salvaguarda da cria\u00e7\u00e3o<\/p>\n<p>A b\u00fassola dos princ\u00edpios sociais, necess\u00e1ria para promover a cultura do cuidado, vale tamb\u00e9m para as rela\u00e7\u00f5es entre as na\u00e7\u00f5es, que deveriam ser inspiradas pela fraternidade, o respeito m\u00fatuo, a solidariedade e a observ\u00e2ncia do direito internacional. A este respeito, h\u00e3o de ser reafirmadas a prote\u00e7\u00e3o e a promo\u00e7\u00e3o dos direitos humanos fundamentais, que s\u00e3o inalien\u00e1veis, universais e indivis\u00edveis.<br \/>\nA cultura do cuidado, enquanto compromisso comum, solid\u00e1rio e participativo para proteger e promover a dignidade e o bem de todos, enquanto disposi\u00e7\u00e3o a interessar-se, a prestar aten\u00e7\u00e3o, disposi\u00e7\u00e3o \u00e0 compaix\u00e3o, \u00e0 reconcilia\u00e7\u00e3o e \u00e0 cura, ao respeito m\u00fatuo e ao acolhimento rec\u00edproco, constitui uma via privilegiada para a constru\u00e7\u00e3o da paz.\u201d<\/p>\n<p>&nbsp;<\/p>\n<p><a href=\"http:\/\/paroquiagloria.org\/v2\/wp-content\/uploads\/2013\/02\/papa-francesco_20201208_messaggio-54giornatamondiale-pace2021.pdf\" target=\"_blank\">TEXTO INTEGRAL<\/a><\/p>\n","protected":false},"excerpt":{"rendered":"<p>&nbsp; 1\u00ba de Janeiro de 2021 &#8211; \u201cA Cultura do Cuidado como Percurso de Paz\u201d \u201cO ano de 2020 ensinou-nos a import\u00e2ncia de cuidarmos uns dos outros e da cria\u00e7\u00e3o a fim de se construir uma sociedade alicer\u00e7ada em rela\u00e7\u00f5es de fraternidade. Por isso, escolhi como tema desta mensagem \u00aba cultura do cuidado como percurso [&hellip;]<\/p>\n","protected":false},"author":1,"featured_media":9112,"comment_status":"open","ping_status":"closed","sticky":false,"template":"","format":"standard","meta":{"ngg_post_thumbnail":0},"categories":[1,4,2,6,23],"tags":[],"_links":{"self":[{"href":"http:\/\/paroquiagloria.org\/v2\/index.php?rest_route=\/wp\/v2\/posts\/9129"}],"collection":[{"href":"http:\/\/paroquiagloria.org\/v2\/index.php?rest_route=\/wp\/v2\/posts"}],"about":[{"href":"http:\/\/paroquiagloria.org\/v2\/index.php?rest_route=\/wp\/v2\/types\/post"}],"author":[{"embeddable":true,"href":"http:\/\/paroquiagloria.org\/v2\/index.php?rest_route=\/wp\/v2\/users\/1"}],"replies":[{"embeddable":true,"href":"http:\/\/paroquiagloria.org\/v2\/index.php?rest_route=%2Fwp%2Fv2%2Fcomments&post=9129"}],"version-history":[{"count":1,"href":"http:\/\/paroquiagloria.org\/v2\/index.php?rest_route=\/wp\/v2\/posts\/9129\/revisions"}],"predecessor-version":[{"id":9130,"href":"http:\/\/paroquiagloria.org\/v2\/index.php?rest_route=\/wp\/v2\/posts\/9129\/revisions\/9130"}],"wp:featuredmedia":[{"embeddable":true,"href":"http:\/\/paroquiagloria.org\/v2\/index.php?rest_route=\/wp\/v2\/media\/9112"}],"wp:attachment":[{"href":"http:\/\/paroquiagloria.org\/v2\/index.php?rest_route=%2Fwp%2Fv2%2Fmedia&parent=9129"}],"wp:term":[{"taxonomy":"category","embeddable":true,"href":"http:\/\/paroquiagloria.org\/v2\/index.php?rest_route=%2Fwp%2Fv2%2Fcategories&post=9129"},{"taxonomy":"post_tag","embeddable":true,"href":"http:\/\/paroquiagloria.org\/v2\/index.php?rest_route=%2Fwp%2Fv2%2Ftags&post=9129"}],"curies":[{"name":"wp","href":"https:\/\/api.w.org\/{rel}","templated":true}]}}