{"id":9127,"date":"2021-01-02T13:19:47","date_gmt":"2021-01-02T13:19:47","guid":{"rendered":"http:\/\/paroquiagloria.org\/v2\/?p=9127"},"modified":"2021-01-02T13:19:47","modified_gmt":"2021-01-02T13:19:47","slug":"anuncio-das-festas-moveis","status":"publish","type":"post","link":"http:\/\/paroquiagloria.org\/v2\/?p=9127","title":{"rendered":"An\u00fancio das Festas M\u00f3veis"},"content":{"rendered":"<p><a href=\"http:\/\/paroquiagloria.org\/v2\/wp-content\/uploads\/2013\/02\/Secretariado-da-liturgia_Anuncio_Celebracoes_Moveis2021.jpg\"><img loading=\"lazy\" class=\"size-large wp-image-9121 aligncenter\" src=\"http:\/\/paroquiagloria.org\/v2\/wp-content\/uploads\/2013\/02\/Secretariado-da-liturgia_Anuncio_Celebracoes_Moveis2021-1024x1024.jpg\" alt=\"Secretariado-da-liturgia_Anuncio_Celebracoes_Moveis2021\" width=\"1024\" height=\"1024\" srcset=\"http:\/\/paroquiagloria.org\/v2\/wp-content\/uploads\/2013\/02\/Secretariado-da-liturgia_Anuncio_Celebracoes_Moveis2021-1024x1024.jpg 1024w, http:\/\/paroquiagloria.org\/v2\/wp-content\/uploads\/2013\/02\/Secretariado-da-liturgia_Anuncio_Celebracoes_Moveis2021-150x150.jpg 150w, http:\/\/paroquiagloria.org\/v2\/wp-content\/uploads\/2013\/02\/Secretariado-da-liturgia_Anuncio_Celebracoes_Moveis2021-300x300.jpg 300w, http:\/\/paroquiagloria.org\/v2\/wp-content\/uploads\/2013\/02\/Secretariado-da-liturgia_Anuncio_Celebracoes_Moveis2021-185x185.jpg 185w, http:\/\/paroquiagloria.org\/v2\/wp-content\/uploads\/2013\/02\/Secretariado-da-liturgia_Anuncio_Celebracoes_Moveis2021-184x184.jpg 184w, http:\/\/paroquiagloria.org\/v2\/wp-content\/uploads\/2013\/02\/Secretariado-da-liturgia_Anuncio_Celebracoes_Moveis2021.jpg 1920w\" sizes=\"(max-width: 1024px) 100vw, 1024px\" \/><\/a><\/p>\n<p>&nbsp;<\/p>\n<p>No domingo da Epifania \u00e9 feito o \u2018An\u00fancio da P\u00e1scoa e das festas m\u00f3veis\u2019 de 2021. Na solenidade da Epifania do Senhor, no dia 3 de janeiro de 2021, \u201cdepois da leitura do Evangelho ou ap\u00f3s a ora\u00e7\u00e3o depois da comunh\u00e3o\u201d, o di\u00e1cono, o sacerdote ou um cantor, pode fazer o an\u00fancio dessas celebra\u00e7\u00f5es m\u00f3veis (cf. Missal Romano, p. 1382).<br \/>\nA Epifania, palavra de origem grega que significa \u2018brilho\u2019 ou \u2018manifesta\u00e7\u00e3o\u2019, \u00e9 uma das festas lit\u00fargicas mais antigas (s\u00e9c. IV), e \u00e9 celebrada tanto no Oriente como no Ocidente.<\/p>\n<p style=\"text-align: right;\"><em>Fonte : Ag\u00eancia Ecclesia<\/em><\/p>\n<p style=\"text-align: right;\">\n<p style=\"text-align: right;\"><a href=\"https:\/\/www.liturgia.pt\/noticias\/noticia_v.php?cod_noticia=314\" target=\"_blank\">AN\u00daNCIO 2021<\/a><\/p>\n","protected":false},"excerpt":{"rendered":"<p>&nbsp; No domingo da Epifania \u00e9 feito o \u2018An\u00fancio da P\u00e1scoa e das festas m\u00f3veis\u2019 de 2021. Na solenidade da Epifania do Senhor, no dia 3 de janeiro de 2021, \u201cdepois da leitura do Evangelho ou ap\u00f3s a ora\u00e7\u00e3o depois da comunh\u00e3o\u201d, o di\u00e1cono, o sacerdote ou um cantor, pode fazer o an\u00fancio dessas celebra\u00e7\u00f5es [&hellip;]<\/p>\n","protected":false},"author":1,"featured_media":9114,"comment_status":"open","ping_status":"closed","sticky":false,"template":"","format":"standard","meta":{"ngg_post_thumbnail":0},"categories":[1,4,2,6,23],"tags":[],"_links":{"self":[{"href":"http:\/\/paroquiagloria.org\/v2\/index.php?rest_route=\/wp\/v2\/posts\/9127"}],"collection":[{"href":"http:\/\/paroquiagloria.org\/v2\/index.php?rest_route=\/wp\/v2\/posts"}],"about":[{"href":"http:\/\/paroquiagloria.org\/v2\/index.php?rest_route=\/wp\/v2\/types\/post"}],"author":[{"embeddable":true,"href":"http:\/\/paroquiagloria.org\/v2\/index.php?rest_route=\/wp\/v2\/users\/1"}],"replies":[{"embeddable":true,"href":"http:\/\/paroquiagloria.org\/v2\/index.php?rest_route=%2Fwp%2Fv2%2Fcomments&post=9127"}],"version-history":[{"count":1,"href":"http:\/\/paroquiagloria.org\/v2\/index.php?rest_route=\/wp\/v2\/posts\/9127\/revisions"}],"predecessor-version":[{"id":9128,"href":"http:\/\/paroquiagloria.org\/v2\/index.php?rest_route=\/wp\/v2\/posts\/9127\/revisions\/9128"}],"wp:featuredmedia":[{"embeddable":true,"href":"http:\/\/paroquiagloria.org\/v2\/index.php?rest_route=\/wp\/v2\/media\/9114"}],"wp:attachment":[{"href":"http:\/\/paroquiagloria.org\/v2\/index.php?rest_route=%2Fwp%2Fv2%2Fmedia&parent=9127"}],"wp:term":[{"taxonomy":"category","embeddable":true,"href":"http:\/\/paroquiagloria.org\/v2\/index.php?rest_route=%2Fwp%2Fv2%2Fcategories&post=9127"},{"taxonomy":"post_tag","embeddable":true,"href":"http:\/\/paroquiagloria.org\/v2\/index.php?rest_route=%2Fwp%2Fv2%2Ftags&post=9127"}],"curies":[{"name":"wp","href":"https:\/\/api.w.org\/{rel}","templated":true}]}}