{"id":9125,"date":"2021-01-02T13:14:57","date_gmt":"2021-01-02T13:14:57","guid":{"rendered":"http:\/\/paroquiagloria.org\/v2\/?p=9125"},"modified":"2021-01-02T13:14:57","modified_gmt":"2021-01-02T13:14:57","slug":"desafios-pastorais-da-pandemia-a-igreja-em-portugal-i","status":"publish","type":"post","link":"http:\/\/paroquiagloria.org\/v2\/?p=9125","title":{"rendered":"&#8220;Desafios Pastorais da Pandemia \u00e0 Igreja em Portugal&#8221;  &#8211; I"},"content":{"rendered":"<p><a href=\"http:\/\/paroquiagloria.org\/v2\/wp-content\/uploads\/2013\/02\/Assembleia-CEP-Novembro-2020-108-1.jpg\"><img loading=\"lazy\" class=\"size-large wp-image-9109 aligncenter\" src=\"http:\/\/paroquiagloria.org\/v2\/wp-content\/uploads\/2013\/02\/Assembleia-CEP-Novembro-2020-108-1-1024x683.jpg\" alt=\"Assembleia-CEP-Novembro-2020-108-1\" width=\"1024\" height=\"683\" srcset=\"http:\/\/paroquiagloria.org\/v2\/wp-content\/uploads\/2013\/02\/Assembleia-CEP-Novembro-2020-108-1-1024x683.jpg 1024w, http:\/\/paroquiagloria.org\/v2\/wp-content\/uploads\/2013\/02\/Assembleia-CEP-Novembro-2020-108-1-300x200.jpg 300w, http:\/\/paroquiagloria.org\/v2\/wp-content\/uploads\/2013\/02\/Assembleia-CEP-Novembro-2020-108-1-140x94.jpg 140w, http:\/\/paroquiagloria.org\/v2\/wp-content\/uploads\/2013\/02\/Assembleia-CEP-Novembro-2020-108-1.jpg 1500w\" sizes=\"(max-width: 1024px) 100vw, 1024px\" \/><\/a><\/p>\n<p>A Confer\u00eancia Episcopal Portuguesa (CEP) divulgou hoje a reflex\u00e3o \u201cDesafios pastorais da pandemia \u00e0 Igreja em Portugal\u201d, com 53 pontos, sublinhando a necessidade de uma cultura de proximidade e de novas vizinhan\u00e7as.<br \/>\nO documento, aprovado a 13 de novembro de 2020, na Assembleia Plen\u00e1ria da CEP, defende maior participa\u00e7\u00e3o das fam\u00edlias, dos jovens e no mundo digital.<\/p>\n<p style=\"text-align: right;\">\n<em>Fonte : Ag\u00eancia Ecclesia<\/em><\/p>\n<p>&nbsp;<\/p>\n<p>&nbsp;<\/p>\n<p>texto integral: <a href=\"http:\/\/paroquiagloria.org\/v2\/wp-content\/uploads\/2013\/02\/Desafios-pastorais-da-pandemia-\u00e0-Igreja-em-Portugal-Ag\u00eancia-ECCLESIA.pdf\" target=\"_blank\">Desafios pastorais da pandemia \u00e0 Igreja em Portugal &#8211; Ag\u00eancia ECCLESIA<\/a><\/p>\n","protected":false},"excerpt":{"rendered":"<p>A Confer\u00eancia Episcopal Portuguesa (CEP) divulgou hoje a reflex\u00e3o \u201cDesafios pastorais da pandemia \u00e0 Igreja em Portugal\u201d, com 53 pontos, sublinhando a necessidade de uma cultura de proximidade e de novas vizinhan\u00e7as. O documento, aprovado a 13 de novembro de 2020, na Assembleia Plen\u00e1ria da CEP, defende maior participa\u00e7\u00e3o das fam\u00edlias, dos jovens e no [&hellip;]<\/p>\n","protected":false},"author":1,"featured_media":9110,"comment_status":"open","ping_status":"closed","sticky":false,"template":"","format":"standard","meta":{"ngg_post_thumbnail":0},"categories":[1,4,2,6,23],"tags":[],"_links":{"self":[{"href":"http:\/\/paroquiagloria.org\/v2\/index.php?rest_route=\/wp\/v2\/posts\/9125"}],"collection":[{"href":"http:\/\/paroquiagloria.org\/v2\/index.php?rest_route=\/wp\/v2\/posts"}],"about":[{"href":"http:\/\/paroquiagloria.org\/v2\/index.php?rest_route=\/wp\/v2\/types\/post"}],"author":[{"embeddable":true,"href":"http:\/\/paroquiagloria.org\/v2\/index.php?rest_route=\/wp\/v2\/users\/1"}],"replies":[{"embeddable":true,"href":"http:\/\/paroquiagloria.org\/v2\/index.php?rest_route=%2Fwp%2Fv2%2Fcomments&post=9125"}],"version-history":[{"count":1,"href":"http:\/\/paroquiagloria.org\/v2\/index.php?rest_route=\/wp\/v2\/posts\/9125\/revisions"}],"predecessor-version":[{"id":9126,"href":"http:\/\/paroquiagloria.org\/v2\/index.php?rest_route=\/wp\/v2\/posts\/9125\/revisions\/9126"}],"wp:featuredmedia":[{"embeddable":true,"href":"http:\/\/paroquiagloria.org\/v2\/index.php?rest_route=\/wp\/v2\/media\/9110"}],"wp:attachment":[{"href":"http:\/\/paroquiagloria.org\/v2\/index.php?rest_route=%2Fwp%2Fv2%2Fmedia&parent=9125"}],"wp:term":[{"taxonomy":"category","embeddable":true,"href":"http:\/\/paroquiagloria.org\/v2\/index.php?rest_route=%2Fwp%2Fv2%2Fcategories&post=9125"},{"taxonomy":"post_tag","embeddable":true,"href":"http:\/\/paroquiagloria.org\/v2\/index.php?rest_route=%2Fwp%2Fv2%2Ftags&post=9125"}],"curies":[{"name":"wp","href":"https:\/\/api.w.org\/{rel}","templated":true}]}}