{"id":9078,"date":"2020-12-19T14:46:06","date_gmt":"2020-12-19T14:46:06","guid":{"rendered":"http:\/\/paroquiagloria.org\/v2\/?p=9078"},"modified":"2020-12-19T14:46:06","modified_gmt":"2020-12-19T14:46:06","slug":"celebracao-penitencial-com-absolvicao-geral","status":"publish","type":"post","link":"http:\/\/paroquiagloria.org\/v2\/?p=9078","title":{"rendered":"Celebra\u00e7\u00e3o penitencial com absolvi\u00e7\u00e3o geral"},"content":{"rendered":"<p><a href=\"http:\/\/paroquiagloria.org\/v2\/wp-content\/uploads\/2013\/02\/celebra\u00e7\u00e3openitenc.jpg\"><img loading=\"lazy\" class=\"size-full wp-image-9065 aligncenter\" src=\"http:\/\/paroquiagloria.org\/v2\/wp-content\/uploads\/2013\/02\/celebra\u00e7\u00e3openitenc.jpg\" alt=\"celebra\u00e7\u00e3openitenc\" width=\"817\" height=\"500\" srcset=\"http:\/\/paroquiagloria.org\/v2\/wp-content\/uploads\/2013\/02\/celebra\u00e7\u00e3openitenc.jpg 817w, http:\/\/paroquiagloria.org\/v2\/wp-content\/uploads\/2013\/02\/celebra\u00e7\u00e3openitenc-300x184.jpg 300w\" sizes=\"(max-width: 817px) 100vw, 817px\" \/><\/a><\/p>\n<p style=\"text-align: justify;\">Com a orienta\u00e7\u00e3o da Santa S\u00e9 e validada pelo Bispo da Diocese, torna-se poss\u00edvel recorrer a um dos modos poss\u00edveis e extraordin\u00e1rio de celebrar o sacramento que \u00e9 com absolvi\u00e7\u00e3o coletiva dos pecados numa celebra\u00e7\u00e3o comunit\u00e1ria, devendo depois o fiel, assim que possa, regressar \u00e0 proximidade do sacramento na forma habitual junto de um Sacerdote.<br \/>\nDiz-nos a Igreja que para a v\u00e1lida absolvi\u00e7\u00e3o, \u00e9 necess\u00e1rio o prop\u00f3sito de se confessar individualmente, no devido tempo, dos pecados graves que no momento n\u00e3o p\u00f4de confessar (cf. c\u00e2n. 962 \u00a71 CIC).<br \/>\n\u201cA reconcilia\u00e7\u00e3o, como dom de Deus em Jesus Cristo, na for\u00e7a do Esp\u00edrito \u00e9 um percurso \u00fanico para conseguir a cura e a paz interior e a supera\u00e7\u00e3o dos conflitos entre as pessoas. Quem se reconcilia consigo mesmo, com Deus, com os homens e com o mundo, reencontra-se como nova criatura.\u201d<\/p>\n<p style=\"text-align: right;\"><em>Cf. Nota da Penitenciaria Apost\u00f3lica, 19 de mar\u00e7o de 2020<\/em><\/p>\n<h2 style=\"text-align: center;\">\n<span style=\"color: #ffff00;\"><strong>Celebra\u00e7\u00e3o penitencial com absolvi\u00e7\u00e3o geral<\/strong><\/span><br \/>\n<span style=\"color: #0000ff;\">&#8211; Ter\u00e7a-feira, 22 de dezembro, 21h30<\/span><br \/>\n<span style=\"color: #0000ff;\"> (nota: \u00e9 importante a participa\u00e7\u00e3o total na celebra\u00e7\u00e3o)<\/span><\/h2>\n<p><a href=\"http:\/\/paroquiagloria.org\/v2\/wp-content\/uploads\/2013\/02\/celebracaoPenitencial_capelaRato_feature.jpg\"><img loading=\"lazy\" class=\"size-full wp-image-9068 aligncenter\" src=\"http:\/\/paroquiagloria.org\/v2\/wp-content\/uploads\/2013\/02\/celebracaoPenitencial_capelaRato_feature.jpg\" alt=\"celebracaoPenitencial_capelaRato_feature\" width=\"800\" height=\"500\" srcset=\"http:\/\/paroquiagloria.org\/v2\/wp-content\/uploads\/2013\/02\/celebracaoPenitencial_capelaRato_feature.jpg 800w, http:\/\/paroquiagloria.org\/v2\/wp-content\/uploads\/2013\/02\/celebracaoPenitencial_capelaRato_feature-300x188.jpg 300w\" sizes=\"(max-width: 800px) 100vw, 800px\" \/><\/a><\/p>\n<p style=\"padding-left: 180px;\"><span style=\"text-decoration: underline;\"><strong>Confiss\u00f5es:<\/strong><\/span><\/p>\n<p style=\"padding-left: 240px;\">2\u00aa feira, dia 21 dezembro<br \/>\n&#8211; 9h30 &#8211; 11h<br \/>\n3\u00aa feira, dia 22 de dezembro<br \/>\n&#8211; 9h30 &#8211; 11h<br \/>\n4\u00aa feira, dia 23 de dezembro<br \/>\n&#8211; 9h30 &#8211; 11h<\/p>\n","protected":false},"excerpt":{"rendered":"<p>Com a orienta\u00e7\u00e3o da Santa S\u00e9 e validada pelo Bispo da Diocese, torna-se poss\u00edvel recorrer a um dos modos poss\u00edveis e extraordin\u00e1rio de celebrar o sacramento que \u00e9 com absolvi\u00e7\u00e3o coletiva dos pecados numa celebra\u00e7\u00e3o comunit\u00e1ria, devendo depois o fiel, assim que possa, regressar \u00e0 proximidade do sacramento na forma habitual junto de um Sacerdote. [&hellip;]<\/p>\n","protected":false},"author":1,"featured_media":9067,"comment_status":"open","ping_status":"closed","sticky":false,"template":"","format":"standard","meta":{"ngg_post_thumbnail":0},"categories":[1,4,2,6,23],"tags":[],"_links":{"self":[{"href":"http:\/\/paroquiagloria.org\/v2\/index.php?rest_route=\/wp\/v2\/posts\/9078"}],"collection":[{"href":"http:\/\/paroquiagloria.org\/v2\/index.php?rest_route=\/wp\/v2\/posts"}],"about":[{"href":"http:\/\/paroquiagloria.org\/v2\/index.php?rest_route=\/wp\/v2\/types\/post"}],"author":[{"embeddable":true,"href":"http:\/\/paroquiagloria.org\/v2\/index.php?rest_route=\/wp\/v2\/users\/1"}],"replies":[{"embeddable":true,"href":"http:\/\/paroquiagloria.org\/v2\/index.php?rest_route=%2Fwp%2Fv2%2Fcomments&post=9078"}],"version-history":[{"count":1,"href":"http:\/\/paroquiagloria.org\/v2\/index.php?rest_route=\/wp\/v2\/posts\/9078\/revisions"}],"predecessor-version":[{"id":9079,"href":"http:\/\/paroquiagloria.org\/v2\/index.php?rest_route=\/wp\/v2\/posts\/9078\/revisions\/9079"}],"wp:featuredmedia":[{"embeddable":true,"href":"http:\/\/paroquiagloria.org\/v2\/index.php?rest_route=\/wp\/v2\/media\/9067"}],"wp:attachment":[{"href":"http:\/\/paroquiagloria.org\/v2\/index.php?rest_route=%2Fwp%2Fv2%2Fmedia&parent=9078"}],"wp:term":[{"taxonomy":"category","embeddable":true,"href":"http:\/\/paroquiagloria.org\/v2\/index.php?rest_route=%2Fwp%2Fv2%2Fcategories&post=9078"},{"taxonomy":"post_tag","embeddable":true,"href":"http:\/\/paroquiagloria.org\/v2\/index.php?rest_route=%2Fwp%2Fv2%2Ftags&post=9078"}],"curies":[{"name":"wp","href":"https:\/\/api.w.org\/{rel}","templated":true}]}}