{"id":9074,"date":"2020-12-19T14:40:10","date_gmt":"2020-12-19T14:40:10","guid":{"rendered":"http:\/\/paroquiagloria.org\/v2\/?p=9074"},"modified":"2020-12-19T14:40:10","modified_gmt":"2020-12-19T14:40:10","slug":"20-anos-da-adav","status":"publish","type":"post","link":"http:\/\/paroquiagloria.org\/v2\/?p=9074","title":{"rendered":"20 anos da ADAV"},"content":{"rendered":"<p><a href=\"http:\/\/paroquiagloria.org\/v2\/wp-content\/uploads\/2013\/02\/ADAV_20anos.jpg\"><img loading=\"lazy\" class=\"size-large wp-image-9072 aligncenter\" src=\"http:\/\/paroquiagloria.org\/v2\/wp-content\/uploads\/2013\/02\/ADAV_20anos-773x1024.jpg\" alt=\"ADAV_20anos\" width=\"773\" height=\"1024\" srcset=\"http:\/\/paroquiagloria.org\/v2\/wp-content\/uploads\/2013\/02\/ADAV_20anos-773x1024.jpg 773w, http:\/\/paroquiagloria.org\/v2\/wp-content\/uploads\/2013\/02\/ADAV_20anos-226x300.jpg 226w, http:\/\/paroquiagloria.org\/v2\/wp-content\/uploads\/2013\/02\/ADAV_20anos.jpg 1545w\" sizes=\"(max-width: 773px) 100vw, 773px\" \/><\/a><\/p>\n<p>&nbsp;<\/p>\n<p>A Associa\u00e7\u00e3o de Defesa e de Apoio \u00e0 Vida &#8211; ADAV (www.adavaveiro.org\/), comemora 20 anos com a publica\u00e7\u00e3o de um caderno que junta 20 ilustra\u00e7\u00f5es sobre a maternidade de diferentes artistas da regi\u00e3o de Aveiro, que cederam as suas ilustra\u00e7\u00f5es sobre a maternidade.<br \/>\nAo adquirir o caderno (na sede da ADAV, na livraria Santa Joana ou no fim das Eucaristias) est\u00e1 a contribuir para que a ADAV continue a sua miss\u00e3o junto das m\u00e3es e beb\u00e9s rec\u00e9m-nascidos.<\/p>\n","protected":false},"excerpt":{"rendered":"<p>&nbsp; A Associa\u00e7\u00e3o de Defesa e de Apoio \u00e0 Vida &#8211; ADAV (www.adavaveiro.org\/), comemora 20 anos com a publica\u00e7\u00e3o de um caderno que junta 20 ilustra\u00e7\u00f5es sobre a maternidade de diferentes artistas da regi\u00e3o de Aveiro, que cederam as suas ilustra\u00e7\u00f5es sobre a maternidade. Ao adquirir o caderno (na sede da ADAV, na livraria Santa [&hellip;]<\/p>\n","protected":false},"author":1,"featured_media":9066,"comment_status":"open","ping_status":"closed","sticky":false,"template":"","format":"standard","meta":{"ngg_post_thumbnail":0},"categories":[1,4,2,6],"tags":[],"_links":{"self":[{"href":"http:\/\/paroquiagloria.org\/v2\/index.php?rest_route=\/wp\/v2\/posts\/9074"}],"collection":[{"href":"http:\/\/paroquiagloria.org\/v2\/index.php?rest_route=\/wp\/v2\/posts"}],"about":[{"href":"http:\/\/paroquiagloria.org\/v2\/index.php?rest_route=\/wp\/v2\/types\/post"}],"author":[{"embeddable":true,"href":"http:\/\/paroquiagloria.org\/v2\/index.php?rest_route=\/wp\/v2\/users\/1"}],"replies":[{"embeddable":true,"href":"http:\/\/paroquiagloria.org\/v2\/index.php?rest_route=%2Fwp%2Fv2%2Fcomments&post=9074"}],"version-history":[{"count":1,"href":"http:\/\/paroquiagloria.org\/v2\/index.php?rest_route=\/wp\/v2\/posts\/9074\/revisions"}],"predecessor-version":[{"id":9075,"href":"http:\/\/paroquiagloria.org\/v2\/index.php?rest_route=\/wp\/v2\/posts\/9074\/revisions\/9075"}],"wp:featuredmedia":[{"embeddable":true,"href":"http:\/\/paroquiagloria.org\/v2\/index.php?rest_route=\/wp\/v2\/media\/9066"}],"wp:attachment":[{"href":"http:\/\/paroquiagloria.org\/v2\/index.php?rest_route=%2Fwp%2Fv2%2Fmedia&parent=9074"}],"wp:term":[{"taxonomy":"category","embeddable":true,"href":"http:\/\/paroquiagloria.org\/v2\/index.php?rest_route=%2Fwp%2Fv2%2Fcategories&post=9074"},{"taxonomy":"post_tag","embeddable":true,"href":"http:\/\/paroquiagloria.org\/v2\/index.php?rest_route=%2Fwp%2Fv2%2Ftags&post=9074"}],"curies":[{"name":"wp","href":"https:\/\/api.w.org\/{rel}","templated":true}]}}