{"id":9055,"date":"2020-12-12T13:22:59","date_gmt":"2020-12-12T13:22:59","guid":{"rendered":"http:\/\/paroquiagloria.org\/v2\/?p=9055"},"modified":"2020-12-12T13:22:59","modified_gmt":"2020-12-12T13:22:59","slug":"eco-da-primeira-comunhao","status":"publish","type":"post","link":"http:\/\/paroquiagloria.org\/v2\/?p=9055","title":{"rendered":"Eco da Primeira Comunh\u00e3o"},"content":{"rendered":"<p><a href=\"http:\/\/paroquiagloria.org\/v2\/wp-content\/uploads\/2020\/11\/1comunhao_banner.jpg\"><img loading=\"lazy\" class=\"size-full wp-image-8960 aligncenter\" src=\"http:\/\/paroquiagloria.org\/v2\/wp-content\/uploads\/2020\/11\/1comunhao_banner.jpg\" alt=\"1comunhao_banner\" width=\"960\" height=\"450\" srcset=\"http:\/\/paroquiagloria.org\/v2\/wp-content\/uploads\/2020\/11\/1comunhao_banner.jpg 960w, http:\/\/paroquiagloria.org\/v2\/wp-content\/uploads\/2020\/11\/1comunhao_banner-300x141.jpg 300w\" sizes=\"(max-width: 960px) 100vw, 960px\" \/><\/a><\/p>\n<p>&nbsp;<\/p>\n<p>\u201cDesde o dia 6 de dezembro que a minha ida \u00e0 Eucaristia tem mais significado. Pois comunguei pela primeira vez neste dia. Estou muito feliz pois era um dia por mim muito esperado. Os meus amigos perguntam-me o que \u00e9 a comunh\u00e3o, eu s\u00f3 os posso aconselhar a frequentar a catequese e tamb\u00e9m celebrarem este sacramento e a viverem-no pessoalmente.\u201d<\/p>\n<p style=\"text-align: right;\"><em>Francisco Marques, 10 anos<\/em><\/p>\n","protected":false},"excerpt":{"rendered":"<p>&nbsp; \u201cDesde o dia 6 de dezembro que a minha ida \u00e0 Eucaristia tem mais significado. Pois comunguei pela primeira vez neste dia. Estou muito feliz pois era um dia por mim muito esperado. Os meus amigos perguntam-me o que \u00e9 a comunh\u00e3o, eu s\u00f3 os posso aconselhar a frequentar a catequese e tamb\u00e9m celebrarem [&hellip;]<\/p>\n","protected":false},"author":1,"featured_media":8960,"comment_status":"open","ping_status":"closed","sticky":false,"template":"","format":"standard","meta":{"ngg_post_thumbnail":0},"categories":[1,4,2,6,23],"tags":[],"_links":{"self":[{"href":"http:\/\/paroquiagloria.org\/v2\/index.php?rest_route=\/wp\/v2\/posts\/9055"}],"collection":[{"href":"http:\/\/paroquiagloria.org\/v2\/index.php?rest_route=\/wp\/v2\/posts"}],"about":[{"href":"http:\/\/paroquiagloria.org\/v2\/index.php?rest_route=\/wp\/v2\/types\/post"}],"author":[{"embeddable":true,"href":"http:\/\/paroquiagloria.org\/v2\/index.php?rest_route=\/wp\/v2\/users\/1"}],"replies":[{"embeddable":true,"href":"http:\/\/paroquiagloria.org\/v2\/index.php?rest_route=%2Fwp%2Fv2%2Fcomments&post=9055"}],"version-history":[{"count":1,"href":"http:\/\/paroquiagloria.org\/v2\/index.php?rest_route=\/wp\/v2\/posts\/9055\/revisions"}],"predecessor-version":[{"id":9056,"href":"http:\/\/paroquiagloria.org\/v2\/index.php?rest_route=\/wp\/v2\/posts\/9055\/revisions\/9056"}],"wp:featuredmedia":[{"embeddable":true,"href":"http:\/\/paroquiagloria.org\/v2\/index.php?rest_route=\/wp\/v2\/media\/8960"}],"wp:attachment":[{"href":"http:\/\/paroquiagloria.org\/v2\/index.php?rest_route=%2Fwp%2Fv2%2Fmedia&parent=9055"}],"wp:term":[{"taxonomy":"category","embeddable":true,"href":"http:\/\/paroquiagloria.org\/v2\/index.php?rest_route=%2Fwp%2Fv2%2Fcategories&post=9055"},{"taxonomy":"post_tag","embeddable":true,"href":"http:\/\/paroquiagloria.org\/v2\/index.php?rest_route=%2Fwp%2Fv2%2Ftags&post=9055"}],"curies":[{"name":"wp","href":"https:\/\/api.w.org\/{rel}","templated":true}]}}