{"id":9050,"date":"2020-12-12T13:22:00","date_gmt":"2020-12-12T13:22:00","guid":{"rendered":"http:\/\/paroquiagloria.org\/v2\/?p=9050"},"modified":"2020-12-12T13:22:00","modified_gmt":"2020-12-12T13:22:00","slug":"papa-convoca-o-ano-de-sao-jose","status":"publish","type":"post","link":"http:\/\/paroquiagloria.org\/v2\/?p=9050","title":{"rendered":"Papa convoca o  \u201cAno de S\u00e3o Jos\u00e9\u201d"},"content":{"rendered":"<p><a href=\"http:\/\/paroquiagloria.org\/v2\/wp-content\/uploads\/2020\/12\/SaoJose_patrono2020.jpeg\"><img loading=\"lazy\" class=\"size-full wp-image-9053 aligncenter\" src=\"http:\/\/paroquiagloria.org\/v2\/wp-content\/uploads\/2020\/12\/SaoJose_patrono2020.jpeg\" alt=\"SaoJose_patrono2020\" width=\"750\" height=\"422\" srcset=\"http:\/\/paroquiagloria.org\/v2\/wp-content\/uploads\/2020\/12\/SaoJose_patrono2020.jpeg 750w, http:\/\/paroquiagloria.org\/v2\/wp-content\/uploads\/2020\/12\/SaoJose_patrono2020-300x169.jpeg 300w\" sizes=\"(max-width: 750px) 100vw, 750px\" \/><\/a><\/p>\n<p>&nbsp;<\/p>\n<p>Para celebrar os 150 anos da declara\u00e7\u00e3o do Esposo de Maria como Padroeiro da Igreja Cat\u00f3lica, o Papa Francisco convocou o &#8220;<strong>Ano de S\u00e3o Jos\u00e9<\/strong>&#8221; com a Carta apost\u00f3lica \u201c<strong><em>Patris corde<\/em> \u2013 Com cora\u00e7\u00e3o de Pai<\/strong>\u201d. Este ano iniciou dia 8 de dezembro deste m\u00eas e vai at\u00e9 8 de dezembro de 2021.<\/p>\n","protected":false},"excerpt":{"rendered":"<p>&nbsp; Para celebrar os 150 anos da declara\u00e7\u00e3o do Esposo de Maria como Padroeiro da Igreja Cat\u00f3lica, o Papa Francisco convocou o &#8220;Ano de S\u00e3o Jos\u00e9&#8221; com a Carta apost\u00f3lica \u201cPatris corde \u2013 Com cora\u00e7\u00e3o de Pai\u201d. Este ano iniciou dia 8 de dezembro deste m\u00eas e vai at\u00e9 8 de dezembro de 2021.<\/p>\n","protected":false},"author":1,"featured_media":9052,"comment_status":"open","ping_status":"closed","sticky":false,"template":"","format":"standard","meta":{"ngg_post_thumbnail":0},"categories":[1,4,2,6,23],"tags":[],"_links":{"self":[{"href":"http:\/\/paroquiagloria.org\/v2\/index.php?rest_route=\/wp\/v2\/posts\/9050"}],"collection":[{"href":"http:\/\/paroquiagloria.org\/v2\/index.php?rest_route=\/wp\/v2\/posts"}],"about":[{"href":"http:\/\/paroquiagloria.org\/v2\/index.php?rest_route=\/wp\/v2\/types\/post"}],"author":[{"embeddable":true,"href":"http:\/\/paroquiagloria.org\/v2\/index.php?rest_route=\/wp\/v2\/users\/1"}],"replies":[{"embeddable":true,"href":"http:\/\/paroquiagloria.org\/v2\/index.php?rest_route=%2Fwp%2Fv2%2Fcomments&post=9050"}],"version-history":[{"count":1,"href":"http:\/\/paroquiagloria.org\/v2\/index.php?rest_route=\/wp\/v2\/posts\/9050\/revisions"}],"predecessor-version":[{"id":9054,"href":"http:\/\/paroquiagloria.org\/v2\/index.php?rest_route=\/wp\/v2\/posts\/9050\/revisions\/9054"}],"wp:featuredmedia":[{"embeddable":true,"href":"http:\/\/paroquiagloria.org\/v2\/index.php?rest_route=\/wp\/v2\/media\/9052"}],"wp:attachment":[{"href":"http:\/\/paroquiagloria.org\/v2\/index.php?rest_route=%2Fwp%2Fv2%2Fmedia&parent=9050"}],"wp:term":[{"taxonomy":"category","embeddable":true,"href":"http:\/\/paroquiagloria.org\/v2\/index.php?rest_route=%2Fwp%2Fv2%2Fcategories&post=9050"},{"taxonomy":"post_tag","embeddable":true,"href":"http:\/\/paroquiagloria.org\/v2\/index.php?rest_route=%2Fwp%2Fv2%2Ftags&post=9050"}],"curies":[{"name":"wp","href":"https:\/\/api.w.org\/{rel}","templated":true}]}}