{"id":9048,"date":"2020-12-12T13:19:34","date_gmt":"2020-12-12T13:19:34","guid":{"rendered":"http:\/\/paroquiagloria.org\/v2\/?p=9048"},"modified":"2020-12-12T13:19:34","modified_gmt":"2020-12-12T13:19:34","slug":"pe-joao-goncalves","status":"publish","type":"post","link":"http:\/\/paroquiagloria.org\/v2\/?p=9048","title":{"rendered":"Pe. Jo\u00e3o Gon\u00e7alves"},"content":{"rendered":"<p><a href=\"http:\/\/paroquiagloria.org\/v2\/wp-content\/uploads\/2013\/02\/PadreJoaoGoncalves_1.jpg\"><img loading=\"lazy\" class=\"size-full wp-image-9036 aligncenter\" src=\"http:\/\/paroquiagloria.org\/v2\/wp-content\/uploads\/2013\/02\/PadreJoaoGoncalves_1.jpg\" alt=\"PadreJoaoGoncalves_1\" width=\"579\" height=\"460\" srcset=\"http:\/\/paroquiagloria.org\/v2\/wp-content\/uploads\/2013\/02\/PadreJoaoGoncalves_1.jpg 579w, http:\/\/paroquiagloria.org\/v2\/wp-content\/uploads\/2013\/02\/PadreJoaoGoncalves_1-300x238.jpg 300w\" sizes=\"(max-width: 579px) 100vw, 579px\" \/><\/a><\/p>\n<p>&nbsp;<\/p>\n<p style=\"text-align: justify;\">Nascido a 28 de Mar\u00e7o de 1944, foi ordenado presb\u00edtero a 21 de Dezembro de 1969 na S\u00e9 de Aveiro, onde iniciou o seu m\u00fanus pastoral como coadjutor. Foi nomeado P\u00e1roco em 1977 e, durante 37 anos a par de in\u00fameras actividades pastorais, destacando especialmente a Pastoral Social, foi um dedicado pastor do Povo de Deus desta Par\u00f3quia de Nossa Senhora da Gl\u00f3ria. Faleceu a 8 de Dezembro de 2020. A Par\u00f3quia, e o Di\u00e1logo, por quem o Pe. Jo\u00e3o \u00e9 o maior respons\u00e1vel, agradecem o seu empenho e dedica\u00e7\u00e3o e desejam-lhe um merecido repouso nos bra\u00e7os do Pai.<\/p>\n<p><strong>A Missa de 7\u00ba dia por alma do Pe. Jo\u00e3o Gon\u00e7alves ser\u00e1 na segunda-feira, dia 14 de dezembro, pelas 19h na S\u00e9<\/strong>.<\/p>\n","protected":false},"excerpt":{"rendered":"<p>&nbsp; Nascido a 28 de Mar\u00e7o de 1944, foi ordenado presb\u00edtero a 21 de Dezembro de 1969 na S\u00e9 de Aveiro, onde iniciou o seu m\u00fanus pastoral como coadjutor. Foi nomeado P\u00e1roco em 1977 e, durante 37 anos a par de in\u00fameras actividades pastorais, destacando especialmente a Pastoral Social, foi um dedicado pastor do Povo [&hellip;]<\/p>\n","protected":false},"author":1,"featured_media":9035,"comment_status":"open","ping_status":"closed","sticky":false,"template":"","format":"standard","meta":{"ngg_post_thumbnail":0},"categories":[1,4,2,6],"tags":[],"_links":{"self":[{"href":"http:\/\/paroquiagloria.org\/v2\/index.php?rest_route=\/wp\/v2\/posts\/9048"}],"collection":[{"href":"http:\/\/paroquiagloria.org\/v2\/index.php?rest_route=\/wp\/v2\/posts"}],"about":[{"href":"http:\/\/paroquiagloria.org\/v2\/index.php?rest_route=\/wp\/v2\/types\/post"}],"author":[{"embeddable":true,"href":"http:\/\/paroquiagloria.org\/v2\/index.php?rest_route=\/wp\/v2\/users\/1"}],"replies":[{"embeddable":true,"href":"http:\/\/paroquiagloria.org\/v2\/index.php?rest_route=%2Fwp%2Fv2%2Fcomments&post=9048"}],"version-history":[{"count":1,"href":"http:\/\/paroquiagloria.org\/v2\/index.php?rest_route=\/wp\/v2\/posts\/9048\/revisions"}],"predecessor-version":[{"id":9049,"href":"http:\/\/paroquiagloria.org\/v2\/index.php?rest_route=\/wp\/v2\/posts\/9048\/revisions\/9049"}],"wp:featuredmedia":[{"embeddable":true,"href":"http:\/\/paroquiagloria.org\/v2\/index.php?rest_route=\/wp\/v2\/media\/9035"}],"wp:attachment":[{"href":"http:\/\/paroquiagloria.org\/v2\/index.php?rest_route=%2Fwp%2Fv2%2Fmedia&parent=9048"}],"wp:term":[{"taxonomy":"category","embeddable":true,"href":"http:\/\/paroquiagloria.org\/v2\/index.php?rest_route=%2Fwp%2Fv2%2Fcategories&post=9048"},{"taxonomy":"post_tag","embeddable":true,"href":"http:\/\/paroquiagloria.org\/v2\/index.php?rest_route=%2Fwp%2Fv2%2Ftags&post=9048"}],"curies":[{"name":"wp","href":"https:\/\/api.w.org\/{rel}","templated":true}]}}