{"id":9046,"date":"2020-12-12T13:18:37","date_gmt":"2020-12-12T13:18:37","guid":{"rendered":"http:\/\/paroquiagloria.org\/v2\/?p=9046"},"modified":"2020-12-12T13:18:37","modified_gmt":"2020-12-12T13:18:37","slug":"cada-familia-uma-historia-de-amor-3","status":"publish","type":"post","link":"http:\/\/paroquiagloria.org\/v2\/?p=9046","title":{"rendered":"Cada fam\u00edlia, uma hist\u00f3ria de amor [3]"},"content":{"rendered":"<p>&nbsp;<\/p>\n<p>&nbsp;<\/p>\n<h3>S\u00ea luz &#8211; 3\u00ba Domingo do Advento<\/h3>\n<p>&nbsp;<\/p>\n<p>&nbsp;<\/p>\n<p>Neste Domingo somos convidados \u00e0 alegria, pela proximidade do Natal, do nascimento de Jesus. Em casa j\u00e1 pensamos em como vamos construir a estrela para colocar no dia 24 na nossa janela ou na varanda? J\u00e1 faltam poucos dias!<\/p>\n<p><a href=\"http:\/\/paroquiagloria.org\/v2\/wp-content\/uploads\/2020\/12\/estrelaAdvento_seluz_3s.jpg\"><img loading=\"lazy\" class=\"alignnone size-large wp-image-9017\" src=\"http:\/\/paroquiagloria.org\/v2\/wp-content\/uploads\/2020\/12\/estrelaAdvento_seluz_3s-657x1024.jpg\" alt=\"estrelaAdvento_seluz_3s\" width=\"657\" height=\"1024\" srcset=\"http:\/\/paroquiagloria.org\/v2\/wp-content\/uploads\/2020\/12\/estrelaAdvento_seluz_3s-657x1024.jpg 657w, http:\/\/paroquiagloria.org\/v2\/wp-content\/uploads\/2020\/12\/estrelaAdvento_seluz_3s-192x300.jpg 192w, http:\/\/paroquiagloria.org\/v2\/wp-content\/uploads\/2020\/12\/estrelaAdvento_seluz_3s.jpg 736w\" sizes=\"(max-width: 657px) 100vw, 657px\" \/><\/a><\/p>\n<p>&nbsp;<\/p>\n<p style=\"padding-left: 30px;\">A <span style=\"text-decoration: underline;\"><strong>ora\u00e7\u00e3o<\/strong> <\/span>em fam\u00edlia para esta semana \u00e9:<\/p>\n<p style=\"padding-left: 270px;\">Senhor Jesus,<br \/>\nensina-nos<br \/>\na abrir os nossos olhos<br \/>\npara que possamos acolher<br \/>\naqueles que est\u00e3o \u00e0 nossa volta,<br \/>\nna nossa fam\u00edlia,<br \/>\nmas tamb\u00e9m,<br \/>\ntantos que no mundo<br \/>\nvivem s\u00f3s.<br \/>\nQue a nossa pequena ora\u00e7\u00e3o<br \/>\nnos ajude a recordar que somos<br \/>\ntodos filhos do mesmo Deus Pai<br \/>\ne que somos todos irm\u00e3os<br \/>\ndebaixo do mesmo c\u00e9u.<br \/>\nAve Maria,<br \/>\ncheia de gra\u00e7a, \u2026<\/p>\n","protected":false},"excerpt":{"rendered":"<p>&nbsp; &nbsp; S\u00ea luz &#8211; 3\u00ba Domingo do Advento &nbsp; &nbsp; Neste Domingo somos convidados \u00e0 alegria, pela proximidade do Natal, do nascimento de Jesus. Em casa j\u00e1 pensamos em como vamos construir a estrela para colocar no dia 24 na nossa janela ou na varanda? J\u00e1 faltam poucos dias! &nbsp; A ora\u00e7\u00e3o em fam\u00edlia [&hellip;]<\/p>\n","protected":false},"author":1,"featured_media":8977,"comment_status":"open","ping_status":"closed","sticky":false,"template":"","format":"standard","meta":{"ngg_post_thumbnail":0},"categories":[1,4,2,6,23],"tags":[],"_links":{"self":[{"href":"http:\/\/paroquiagloria.org\/v2\/index.php?rest_route=\/wp\/v2\/posts\/9046"}],"collection":[{"href":"http:\/\/paroquiagloria.org\/v2\/index.php?rest_route=\/wp\/v2\/posts"}],"about":[{"href":"http:\/\/paroquiagloria.org\/v2\/index.php?rest_route=\/wp\/v2\/types\/post"}],"author":[{"embeddable":true,"href":"http:\/\/paroquiagloria.org\/v2\/index.php?rest_route=\/wp\/v2\/users\/1"}],"replies":[{"embeddable":true,"href":"http:\/\/paroquiagloria.org\/v2\/index.php?rest_route=%2Fwp%2Fv2%2Fcomments&post=9046"}],"version-history":[{"count":1,"href":"http:\/\/paroquiagloria.org\/v2\/index.php?rest_route=\/wp\/v2\/posts\/9046\/revisions"}],"predecessor-version":[{"id":9047,"href":"http:\/\/paroquiagloria.org\/v2\/index.php?rest_route=\/wp\/v2\/posts\/9046\/revisions\/9047"}],"wp:featuredmedia":[{"embeddable":true,"href":"http:\/\/paroquiagloria.org\/v2\/index.php?rest_route=\/wp\/v2\/media\/8977"}],"wp:attachment":[{"href":"http:\/\/paroquiagloria.org\/v2\/index.php?rest_route=%2Fwp%2Fv2%2Fmedia&parent=9046"}],"wp:term":[{"taxonomy":"category","embeddable":true,"href":"http:\/\/paroquiagloria.org\/v2\/index.php?rest_route=%2Fwp%2Fv2%2Fcategories&post=9046"},{"taxonomy":"post_tag","embeddable":true,"href":"http:\/\/paroquiagloria.org\/v2\/index.php?rest_route=%2Fwp%2Fv2%2Ftags&post=9046"}],"curies":[{"name":"wp","href":"https:\/\/api.w.org\/{rel}","templated":true}]}}