{"id":8982,"date":"2020-11-21T12:41:02","date_gmt":"2020-11-21T12:41:02","guid":{"rendered":"http:\/\/paroquiagloria.org\/v2\/?p=8982"},"modified":"2020-11-21T12:41:02","modified_gmt":"2020-11-21T12:41:02","slug":"surpresas-do-caminho-2","status":"publish","type":"post","link":"http:\/\/paroquiagloria.org\/v2\/?p=8982","title":{"rendered":"Surpresas do caminho ! [2]"},"content":{"rendered":"<p><a href=\"http:\/\/paroquiagloria.org\/v2\/wp-content\/uploads\/2020\/11\/1comunhao_banner.jpg\"><img loading=\"lazy\" class=\"size-full wp-image-8960 aligncenter\" src=\"http:\/\/paroquiagloria.org\/v2\/wp-content\/uploads\/2020\/11\/1comunhao_banner.jpg\" alt=\"1comunhao_banner\" width=\"960\" height=\"450\" srcset=\"http:\/\/paroquiagloria.org\/v2\/wp-content\/uploads\/2020\/11\/1comunhao_banner.jpg 960w, http:\/\/paroquiagloria.org\/v2\/wp-content\/uploads\/2020\/11\/1comunhao_banner-300x141.jpg 300w\" sizes=\"(max-width: 960px) 100vw, 960px\" \/><\/a><\/p>\n<p>Este ano apost\u00f3lico vai reservar-nos, de certo, muitas surpresas. Algumas est\u00e3o a acontecer e outras vir\u00e3o. Imp\u00f5e-se estarmos atentos e preparados. Nunca como agora &#8220;fazer-se&#8230; como j\u00e1 se fez&#8221; foi t\u00e3o errado. Assim vai ser, por exemplo, com a 1\u00b0 Comunh\u00e3o, este ano, na nossa Par\u00f3quia.<br \/>\nO relevo socio-religioso habitual de anos passados n\u00e3o pode este ano ter lugar. Mas n\u00e3o deixaremos de dar o m\u00e1ximo de import\u00e2ncia a um acontecimento t\u00e3o significativo, como \u00e9 a Primeira Comunh\u00e3o, que, nos pr\u00f3ximos 2 domingos, as Crian\u00e7as do 4\u00b0 ano da nossa catequese v\u00e3o viver. \u00c9 o seu primeiro encontro com Jesus \/ Eucaristia.<br \/>\nSer\u00e3o 4 os grupos de comungantes. Grupos pequenos, apenas acompanhados dos Pais e irm\u00e3os, para que a Assembleia dominical n\u00e3o se torne excessiva e potenciadora de cont\u00e1gios.<br \/>\nA festa da Primeira Comunh\u00e3o ser\u00e1 nos dias 29 de Novembro e 6 de Dezembro, nas Missas das 10h30 e 11h30.<br \/>\nAs crian\u00e7as que comungam no dia 29 celebrar\u00e3o o sacramento da Confiss\u00e3o, na Igreja, no dia 28, \u00e0s 10h00, e as que comungam no dia 6 de Dezembro far\u00e3o o mesmo no dia 1, tamb\u00e9m \u00e0s 10h00<\/p>\n<p>&nbsp;<\/p>\n<p><a href=\"http:\/\/paroquiagloria.org\/v2\/wp-content\/uploads\/2020\/11\/confisao_crianca.png\"><img loading=\"lazy\" class=\"size-full wp-image-8979 aligncenter\" src=\"http:\/\/paroquiagloria.org\/v2\/wp-content\/uploads\/2020\/11\/confisao_crianca.png\" alt=\"confisao_crianca\" width=\"542\" height=\"439\" srcset=\"http:\/\/paroquiagloria.org\/v2\/wp-content\/uploads\/2020\/11\/confisao_crianca.png 542w, http:\/\/paroquiagloria.org\/v2\/wp-content\/uploads\/2020\/11\/confisao_crianca-300x243.png 300w\" sizes=\"(max-width: 542px) 100vw, 542px\" \/><\/a><\/p>\n","protected":false},"excerpt":{"rendered":"<p>Este ano apost\u00f3lico vai reservar-nos, de certo, muitas surpresas. Algumas est\u00e3o a acontecer e outras vir\u00e3o. Imp\u00f5e-se estarmos atentos e preparados. Nunca como agora &#8220;fazer-se&#8230; como j\u00e1 se fez&#8221; foi t\u00e3o errado. Assim vai ser, por exemplo, com a 1\u00b0 Comunh\u00e3o, este ano, na nossa Par\u00f3quia. O relevo socio-religioso habitual de anos passados n\u00e3o pode [&hellip;]<\/p>\n","protected":false},"author":1,"featured_media":8960,"comment_status":"open","ping_status":"closed","sticky":false,"template":"","format":"standard","meta":{"ngg_post_thumbnail":0},"categories":[1,4,2,6,23],"tags":[],"_links":{"self":[{"href":"http:\/\/paroquiagloria.org\/v2\/index.php?rest_route=\/wp\/v2\/posts\/8982"}],"collection":[{"href":"http:\/\/paroquiagloria.org\/v2\/index.php?rest_route=\/wp\/v2\/posts"}],"about":[{"href":"http:\/\/paroquiagloria.org\/v2\/index.php?rest_route=\/wp\/v2\/types\/post"}],"author":[{"embeddable":true,"href":"http:\/\/paroquiagloria.org\/v2\/index.php?rest_route=\/wp\/v2\/users\/1"}],"replies":[{"embeddable":true,"href":"http:\/\/paroquiagloria.org\/v2\/index.php?rest_route=%2Fwp%2Fv2%2Fcomments&post=8982"}],"version-history":[{"count":1,"href":"http:\/\/paroquiagloria.org\/v2\/index.php?rest_route=\/wp\/v2\/posts\/8982\/revisions"}],"predecessor-version":[{"id":8983,"href":"http:\/\/paroquiagloria.org\/v2\/index.php?rest_route=\/wp\/v2\/posts\/8982\/revisions\/8983"}],"wp:featuredmedia":[{"embeddable":true,"href":"http:\/\/paroquiagloria.org\/v2\/index.php?rest_route=\/wp\/v2\/media\/8960"}],"wp:attachment":[{"href":"http:\/\/paroquiagloria.org\/v2\/index.php?rest_route=%2Fwp%2Fv2%2Fmedia&parent=8982"}],"wp:term":[{"taxonomy":"category","embeddable":true,"href":"http:\/\/paroquiagloria.org\/v2\/index.php?rest_route=%2Fwp%2Fv2%2Fcategories&post=8982"},{"taxonomy":"post_tag","embeddable":true,"href":"http:\/\/paroquiagloria.org\/v2\/index.php?rest_route=%2Fwp%2Fv2%2Ftags&post=8982"}],"curies":[{"name":"wp","href":"https:\/\/api.w.org\/{rel}","templated":true}]}}