{"id":8974,"date":"2020-11-21T12:40:01","date_gmt":"2020-11-21T12:40:01","guid":{"rendered":"http:\/\/paroquiagloria.org\/v2\/?p=8974"},"modified":"2020-11-21T12:40:01","modified_gmt":"2020-11-21T12:40:01","slug":"cada-familia-uma-historia-de-amor","status":"publish","type":"post","link":"http:\/\/paroquiagloria.org\/v2\/?p=8974","title":{"rendered":"\u201cCada fam\u00edlia, uma hist\u00f3ria de amor\u201d"},"content":{"rendered":"<h2>&#8211;Prepara\u00e7\u00e3o para o Natal de 2020&#8211;<\/h2>\n<p><a href=\"http:\/\/paroquiagloria.org\/v2\/wp-content\/uploads\/2020\/11\/caminhada_banner_01.jpg\"><img loading=\"lazy\" class=\"size-full wp-image-8975 aligncenter\" src=\"http:\/\/paroquiagloria.org\/v2\/wp-content\/uploads\/2020\/11\/caminhada_banner_01.jpg\" alt=\"caminhada_banner_01\" width=\"960\" height=\"340\" srcset=\"http:\/\/paroquiagloria.org\/v2\/wp-content\/uploads\/2020\/11\/caminhada_banner_01.jpg 960w, http:\/\/paroquiagloria.org\/v2\/wp-content\/uploads\/2020\/11\/caminhada_banner_01-300x106.jpg 300w\" sizes=\"(max-width: 960px) 100vw, 960px\" \/><\/a><\/p>\n<p>Inicia no pr\u00f3ximo Domingo o Advento, um tempo dedicado \u00e0 esperan\u00e7a de Jesus que est\u00e1 para nascer, para vir ao nosso encontro. Este ano temos a oportunidade de viver este tempo ainda mais em fam\u00edlia Mesmo que este Natal seja diferente, podemos torn\u00e1-lo igualmente especial, para isso a nossa Par\u00f3quia prop\u00f5e:<br \/>\n\u00ab para as crian\u00e7as, a constru\u00e7\u00e3o da estrela com a ora\u00e7\u00e3o e o calend\u00e1rio com desafios di\u00e1rios;<br \/>\n\u00ab para os adolescentes e jovens, um calend\u00e1rio do Advento com desafios di\u00e1rios;<br \/>\n\u00ab para as fam\u00edlias, a constru\u00e7\u00e3o de uma estrela familiar para colocar junto do pres\u00e9pio e outra para colocar, no dia 24 de dezembro, no exterior de casa;<br \/>\n\u00ab em comunidade, teremos ainda os livros \u201cRezar no Advento\u201d e a \u201c\u00c1rvore da Partilha\u201d, que ajuda a refor\u00e7ar o banco de alimentos da Confer\u00eancia Vicentina da nossa par\u00f3quia.<br \/>\nFa\u00e7amos deste tempo, um Tempo especial!<\/p>\n","protected":false},"excerpt":{"rendered":"<p>&#8211;Prepara\u00e7\u00e3o para o Natal de 2020&#8211; Inicia no pr\u00f3ximo Domingo o Advento, um tempo dedicado \u00e0 esperan\u00e7a de Jesus que est\u00e1 para nascer, para vir ao nosso encontro. Este ano temos a oportunidade de viver este tempo ainda mais em fam\u00edlia Mesmo que este Natal seja diferente, podemos torn\u00e1-lo igualmente especial, para isso a nossa [&hellip;]<\/p>\n","protected":false},"author":1,"featured_media":8977,"comment_status":"open","ping_status":"closed","sticky":false,"template":"","format":"standard","meta":{"ngg_post_thumbnail":0},"categories":[1,4,2,6,23],"tags":[],"_links":{"self":[{"href":"http:\/\/paroquiagloria.org\/v2\/index.php?rest_route=\/wp\/v2\/posts\/8974"}],"collection":[{"href":"http:\/\/paroquiagloria.org\/v2\/index.php?rest_route=\/wp\/v2\/posts"}],"about":[{"href":"http:\/\/paroquiagloria.org\/v2\/index.php?rest_route=\/wp\/v2\/types\/post"}],"author":[{"embeddable":true,"href":"http:\/\/paroquiagloria.org\/v2\/index.php?rest_route=\/wp\/v2\/users\/1"}],"replies":[{"embeddable":true,"href":"http:\/\/paroquiagloria.org\/v2\/index.php?rest_route=%2Fwp%2Fv2%2Fcomments&post=8974"}],"version-history":[{"count":1,"href":"http:\/\/paroquiagloria.org\/v2\/index.php?rest_route=\/wp\/v2\/posts\/8974\/revisions"}],"predecessor-version":[{"id":8981,"href":"http:\/\/paroquiagloria.org\/v2\/index.php?rest_route=\/wp\/v2\/posts\/8974\/revisions\/8981"}],"wp:featuredmedia":[{"embeddable":true,"href":"http:\/\/paroquiagloria.org\/v2\/index.php?rest_route=\/wp\/v2\/media\/8977"}],"wp:attachment":[{"href":"http:\/\/paroquiagloria.org\/v2\/index.php?rest_route=%2Fwp%2Fv2%2Fmedia&parent=8974"}],"wp:term":[{"taxonomy":"category","embeddable":true,"href":"http:\/\/paroquiagloria.org\/v2\/index.php?rest_route=%2Fwp%2Fv2%2Fcategories&post=8974"},{"taxonomy":"post_tag","embeddable":true,"href":"http:\/\/paroquiagloria.org\/v2\/index.php?rest_route=%2Fwp%2Fv2%2Ftags&post=8974"}],"curies":[{"name":"wp","href":"https:\/\/api.w.org\/{rel}","templated":true}]}}