{"id":8967,"date":"2020-11-14T12:23:06","date_gmt":"2020-11-14T12:23:06","guid":{"rendered":"http:\/\/paroquiagloria.org\/v2\/?p=8967"},"modified":"2020-11-14T12:23:06","modified_gmt":"2020-11-14T12:23:06","slug":"surpresas-do-caminho","status":"publish","type":"post","link":"http:\/\/paroquiagloria.org\/v2\/?p=8967","title":{"rendered":"Surpresas do caminho !"},"content":{"rendered":"<p><a href=\"http:\/\/paroquiagloria.org\/v2\/wp-content\/uploads\/2013\/02\/Banner_SeAveiro.jpg\"><img loading=\"lazy\" class=\"size-full wp-image-8649 aligncenter\" src=\"http:\/\/paroquiagloria.org\/v2\/wp-content\/uploads\/2013\/02\/Banner_SeAveiro.jpg\" alt=\"Banner_SeAveiro\" width=\"960\" height=\"450\" srcset=\"http:\/\/paroquiagloria.org\/v2\/wp-content\/uploads\/2013\/02\/Banner_SeAveiro.jpg 960w, http:\/\/paroquiagloria.org\/v2\/wp-content\/uploads\/2013\/02\/Banner_SeAveiro-300x141.jpg 300w\" sizes=\"(max-width: 960px) 100vw, 960px\" \/><\/a><\/p>\n<p>&nbsp;<\/p>\n<p style=\"text-align: justify;\">Como o caranguejo, no que se refere \u00e0 evolu\u00e7\u00e3o pand\u00e9mica, estamos a andar para tr\u00e1s. Os n\u00fameros aumentam vertiginosamente e o futuro apresenta-se-nos pouco risonho. Apesar de tudo, algumas actividades paroquiais est\u00e3o quase no seu pleno. \u00c9 o que se passa com a catequese, a vida lit\u00fargica, especialmente eucar\u00edstica, e o acesso ao sacramento da Confiss\u00e3o. Mas n\u00e3o \u00e9 tudo. Estamos mesmo muito longe.<br \/>\nPorque longe da &#8220;normalidade&#8221; a que aspiramos, n\u00e3o nos contentamos com a normalidade que temos, conscientes de que tamb\u00e9m aqui se aplica a &#8220;Par\u00e1bola dos talentos&#8221;, que nos motiva \u00e0 ousadia e criatividade, que a comunidade dos primeiros crist\u00e3os, em Jerusal\u00e9m, mostrava na vida di\u00e1ria, apesar das dificuldades e persegui\u00e7\u00f5es.<br \/>\nN\u00e3o s\u00e3o de estranhar, pois, ao longo do ano, altera\u00e7\u00f5es a que n\u00e3o estamos habituados. \u00c9 o que se vai passar, brevemente, no que se refere \u00e0 Comunh\u00e3o das Crian\u00e7as que frequentam o 4\u00b0ano de catequese.<br \/>\nAssim, na nossa Par\u00f3quia, as Missas das 10h30 e 12h00 do dia 29 de Novembro e 6 de Dezembro ser\u00e3o particularmente festivas para as Crian\u00e7as que v\u00e3o receber pela primeira vez a Sagrada Comunh\u00e3o. Tudo ser\u00e1 s\u00f3brio, mas n\u00e3o menos digno.<br \/>\nSem as pompas habituais, que tantas vezes cansam na prepara\u00e7\u00e3o e distraem na celebra\u00e7\u00e3o, e que agora os tempos n\u00e3o permitem, festejaremos, com igual alegria, a gra\u00e7a de Deus, que se d\u00e1 em alimento para continuarmos a nossa caminhada crist\u00e3.<br \/>\nEm rela\u00e7\u00e3o a tudo isto, o pr\u00f3ximo &#8220;Di\u00e1logo&#8221; dar-nos-\u00e1 mais informa\u00e7\u00f5es, para que a primeira Comunh\u00e3o n\u00e3o deixe de ser acontecimento festivo para as Crian\u00e7as e para toda a comunidade.<\/p>\n<p style=\"text-align: justify;\">\n<p style=\"text-align: justify;\"><img loading=\"lazy\" class=\"size-full wp-image-8960 aligncenter\" src=\"http:\/\/paroquiagloria.org\/v2\/wp-content\/uploads\/2020\/11\/1comunhao_banner.jpg\" alt=\"1comunhao_banner\" width=\"960\" height=\"450\" srcset=\"http:\/\/paroquiagloria.org\/v2\/wp-content\/uploads\/2020\/11\/1comunhao_banner.jpg 960w, http:\/\/paroquiagloria.org\/v2\/wp-content\/uploads\/2020\/11\/1comunhao_banner-300x141.jpg 300w\" sizes=\"(max-width: 960px) 100vw, 960px\" \/><\/p>\n","protected":false},"excerpt":{"rendered":"<p>&nbsp; Como o caranguejo, no que se refere \u00e0 evolu\u00e7\u00e3o pand\u00e9mica, estamos a andar para tr\u00e1s. Os n\u00fameros aumentam vertiginosamente e o futuro apresenta-se-nos pouco risonho. Apesar de tudo, algumas actividades paroquiais est\u00e3o quase no seu pleno. \u00c9 o que se passa com a catequese, a vida lit\u00fargica, especialmente eucar\u00edstica, e o acesso ao sacramento [&hellip;]<\/p>\n","protected":false},"author":1,"featured_media":8960,"comment_status":"open","ping_status":"closed","sticky":false,"template":"","format":"standard","meta":{"ngg_post_thumbnail":0},"categories":[1,4,2,6,23],"tags":[],"_links":{"self":[{"href":"http:\/\/paroquiagloria.org\/v2\/index.php?rest_route=\/wp\/v2\/posts\/8967"}],"collection":[{"href":"http:\/\/paroquiagloria.org\/v2\/index.php?rest_route=\/wp\/v2\/posts"}],"about":[{"href":"http:\/\/paroquiagloria.org\/v2\/index.php?rest_route=\/wp\/v2\/types\/post"}],"author":[{"embeddable":true,"href":"http:\/\/paroquiagloria.org\/v2\/index.php?rest_route=\/wp\/v2\/users\/1"}],"replies":[{"embeddable":true,"href":"http:\/\/paroquiagloria.org\/v2\/index.php?rest_route=%2Fwp%2Fv2%2Fcomments&post=8967"}],"version-history":[{"count":1,"href":"http:\/\/paroquiagloria.org\/v2\/index.php?rest_route=\/wp\/v2\/posts\/8967\/revisions"}],"predecessor-version":[{"id":8968,"href":"http:\/\/paroquiagloria.org\/v2\/index.php?rest_route=\/wp\/v2\/posts\/8967\/revisions\/8968"}],"wp:featuredmedia":[{"embeddable":true,"href":"http:\/\/paroquiagloria.org\/v2\/index.php?rest_route=\/wp\/v2\/media\/8960"}],"wp:attachment":[{"href":"http:\/\/paroquiagloria.org\/v2\/index.php?rest_route=%2Fwp%2Fv2%2Fmedia&parent=8967"}],"wp:term":[{"taxonomy":"category","embeddable":true,"href":"http:\/\/paroquiagloria.org\/v2\/index.php?rest_route=%2Fwp%2Fv2%2Fcategories&post=8967"},{"taxonomy":"post_tag","embeddable":true,"href":"http:\/\/paroquiagloria.org\/v2\/index.php?rest_route=%2Fwp%2Fv2%2Ftags&post=8967"}],"curies":[{"name":"wp","href":"https:\/\/api.w.org\/{rel}","templated":true}]}}