{"id":8965,"date":"2020-11-14T12:21:38","date_gmt":"2020-11-14T12:21:38","guid":{"rendered":"http:\/\/paroquiagloria.org\/v2\/?p=8965"},"modified":"2020-11-14T12:21:38","modified_gmt":"2020-11-14T12:21:38","slug":"mensagem-do-santo-padre-francisco-para-o-iv-dia-mundial-dos-pobres","status":"publish","type":"post","link":"http:\/\/paroquiagloria.org\/v2\/?p=8965","title":{"rendered":"MENSAGEM DO SANTO PADRE FRANCISCO PARA O  IV DIA MUNDIAL DOS POBRES"},"content":{"rendered":"<h2><a href=\"http:\/\/paroquiagloria.org\/v2\/wp-content\/uploads\/2020\/11\/diapobres_2020-Custom.jpg\"><img loading=\"lazy\" class=\"size-full wp-image-8964 aligncenter\" src=\"http:\/\/paroquiagloria.org\/v2\/wp-content\/uploads\/2020\/11\/diapobres_2020-Custom.jpg\" alt=\"diapobres_2020-Custom\" width=\"900\" height=\"604\" srcset=\"http:\/\/paroquiagloria.org\/v2\/wp-content\/uploads\/2020\/11\/diapobres_2020-Custom.jpg 900w, http:\/\/paroquiagloria.org\/v2\/wp-content\/uploads\/2020\/11\/diapobres_2020-Custom-300x201.jpg 300w, http:\/\/paroquiagloria.org\/v2\/wp-content\/uploads\/2020\/11\/diapobres_2020-Custom-140x94.jpg 140w\" sizes=\"(max-width: 900px) 100vw, 900px\" \/><\/a><\/h2>\n<h2>\u00abEstende a tua m\u00e3o ao pobre\u00bb<br \/>\n(Sir 7, 32)<\/h2>\n<p style=\"text-align: justify;\">Estender a m\u00e3o leva a descobrir, antes de tudo a quem o faz, que dentro de n\u00f3s existe a capacidade de realizar gestos que d\u00e3o sentido \u00e0 vida. Quantas m\u00e3os estendidas se veem todos os dias!<br \/>\nEstender a m\u00e3o \u00e9 um sinal: um sinal que apela imediatamente \u00e0 proximidade, \u00e0 solidariedade, ao amor. Nestes meses, em que o mundo inteiro foi dominado por um v\u00edrus que trouxe dor e morte, desconforto e perplexidade, pudemos ver tantas m\u00e3os estendidas!<br \/>\nA m\u00e3o estendida do m\u00e9dico que se preocupa com cada paciente, procurando encontrar o rem\u00e9dio certo.<br \/>\nA m\u00e3o estendida da enfermeira e do enfermeiro que permanece, muito para al\u00e9m dos seus hor\u00e1rios de trabalho, a cuidar dos doentes.<br \/>\nA m\u00e3o estendida de quem trabalha na administra\u00e7\u00e3o e providencia os meios para salvar o maior n\u00famero poss\u00edvel de vidas.<br \/>\nA m\u00e3o estendida do farmac\u00eautico exposto a in\u00fameros pedidos num arriscado contacto com as pessoas.<br \/>\nA m\u00e3o estendida do sacerdote que, com o cora\u00e7\u00e3o partido, continua a aben\u00e7oar.<br \/>\nA m\u00e3o estendida do volunt\u00e1rio que socorre quem mora na rua e a quantos, embora possuindo um teto, n\u00e3o t\u00eam nada para comer.<br \/>\nA m\u00e3o estendida de homens e mulheres que trabalham para prestar servi\u00e7os essenciais e seguran\u00e7a. E poder\u00edamos enumerar ainda outras m\u00e3os estendidas, at\u00e9 compor uma ladainha de obras de bem. Todas estas m\u00e3os desafiaram o cont\u00e1gio e o medo, a fim de dar apoio e consola\u00e7\u00e3o.<br \/>\nEstende a m\u00e3o ao pobre&#8221; \u00e9, pois, um convite \u00e0 responsabilidade, sob forma de empenho direto, de quem se sente parte do mesmo destino. \u00c9 um encorajamento a assumir os pesos dos mais vulner\u00e1veis, como recorda S\u00e3o Paulo: &#8220;Pelo amor, fazei-vos servos uns dos outros\u201d.<\/p>\n<p style=\"text-align: justify;\">\n<p style=\"text-align: justify;\"><a href=\"http:\/\/paroquiagloria.org\/v2\/wp-content\/uploads\/2020\/11\/IvDiaMundialdosPobres_banner.jpg\"><img loading=\"lazy\" class=\"size-full wp-image-8961 aligncenter\" src=\"http:\/\/paroquiagloria.org\/v2\/wp-content\/uploads\/2020\/11\/IvDiaMundialdosPobres_banner.jpg\" alt=\"IvDiaMundialdosPobres_banner\" width=\"960\" height=\"450\" srcset=\"http:\/\/paroquiagloria.org\/v2\/wp-content\/uploads\/2020\/11\/IvDiaMundialdosPobres_banner.jpg 960w, http:\/\/paroquiagloria.org\/v2\/wp-content\/uploads\/2020\/11\/IvDiaMundialdosPobres_banner-300x141.jpg 300w\" sizes=\"(max-width: 960px) 100vw, 960px\" \/><\/a><\/p>\n","protected":false},"excerpt":{"rendered":"<p>\u00abEstende a tua m\u00e3o ao pobre\u00bb (Sir 7, 32) Estender a m\u00e3o leva a descobrir, antes de tudo a quem o faz, que dentro de n\u00f3s existe a capacidade de realizar gestos que d\u00e3o sentido \u00e0 vida. Quantas m\u00e3os estendidas se veem todos os dias! Estender a m\u00e3o \u00e9 um sinal: um sinal que apela [&hellip;]<\/p>\n","protected":false},"author":1,"featured_media":8961,"comment_status":"open","ping_status":"closed","sticky":false,"template":"","format":"standard","meta":{"ngg_post_thumbnail":0},"categories":[1,4,2,6,23],"tags":[],"_links":{"self":[{"href":"http:\/\/paroquiagloria.org\/v2\/index.php?rest_route=\/wp\/v2\/posts\/8965"}],"collection":[{"href":"http:\/\/paroquiagloria.org\/v2\/index.php?rest_route=\/wp\/v2\/posts"}],"about":[{"href":"http:\/\/paroquiagloria.org\/v2\/index.php?rest_route=\/wp\/v2\/types\/post"}],"author":[{"embeddable":true,"href":"http:\/\/paroquiagloria.org\/v2\/index.php?rest_route=\/wp\/v2\/users\/1"}],"replies":[{"embeddable":true,"href":"http:\/\/paroquiagloria.org\/v2\/index.php?rest_route=%2Fwp%2Fv2%2Fcomments&post=8965"}],"version-history":[{"count":1,"href":"http:\/\/paroquiagloria.org\/v2\/index.php?rest_route=\/wp\/v2\/posts\/8965\/revisions"}],"predecessor-version":[{"id":8966,"href":"http:\/\/paroquiagloria.org\/v2\/index.php?rest_route=\/wp\/v2\/posts\/8965\/revisions\/8966"}],"wp:featuredmedia":[{"embeddable":true,"href":"http:\/\/paroquiagloria.org\/v2\/index.php?rest_route=\/wp\/v2\/media\/8961"}],"wp:attachment":[{"href":"http:\/\/paroquiagloria.org\/v2\/index.php?rest_route=%2Fwp%2Fv2%2Fmedia&parent=8965"}],"wp:term":[{"taxonomy":"category","embeddable":true,"href":"http:\/\/paroquiagloria.org\/v2\/index.php?rest_route=%2Fwp%2Fv2%2Fcategories&post=8965"},{"taxonomy":"post_tag","embeddable":true,"href":"http:\/\/paroquiagloria.org\/v2\/index.php?rest_route=%2Fwp%2Fv2%2Ftags&post=8965"}],"curies":[{"name":"wp","href":"https:\/\/api.w.org\/{rel}","templated":true}]}}