{"id":8953,"date":"2020-11-07T19:49:15","date_gmt":"2020-11-07T19:49:15","guid":{"rendered":"http:\/\/paroquiagloria.org\/v2\/?p=8953"},"modified":"2020-11-07T19:50:00","modified_gmt":"2020-11-07T19:50:00","slug":"semana-dos-seminarios-4","status":"publish","type":"post","link":"http:\/\/paroquiagloria.org\/v2\/?p=8953","title":{"rendered":"SEMANA DOS SEMIN\u00c1RIOS"},"content":{"rendered":"<h3>1 &#8211; 8 Novembro 2020<\/h3>\n<p><a href=\"http:\/\/paroquiagloria.org\/v2\/wp-content\/uploads\/2013\/02\/banner_Cartaz_semana_oracao_seminarios_2020_divulgacao_small.jpg\"><img loading=\"lazy\" class=\"size-full wp-image-8914 aligncenter\" src=\"http:\/\/paroquiagloria.org\/v2\/wp-content\/uploads\/2013\/02\/banner_Cartaz_semana_oracao_seminarios_2020_divulgacao_small.jpg\" alt=\"banner_Cartaz_semana_oracao_seminarios_2020_divulgacao_small\" width=\"960\" height=\"450\" srcset=\"http:\/\/paroquiagloria.org\/v2\/wp-content\/uploads\/2013\/02\/banner_Cartaz_semana_oracao_seminarios_2020_divulgacao_small.jpg 960w, http:\/\/paroquiagloria.org\/v2\/wp-content\/uploads\/2013\/02\/banner_Cartaz_semana_oracao_seminarios_2020_divulgacao_small-300x141.jpg 300w\" sizes=\"(max-width: 960px) 100vw, 960px\" \/><\/a><\/p>\n<p>&nbsp;<\/p>\n<p>&#8220;A Igreja dedica a semana de 1 a 8 de novembro \u00e0 ora\u00e7\u00e3o pelos Semin\u00e1rios. Este ano &#8220;tem como fonte de inspira\u00e7\u00e3o a palavra do Evangelho: &#8220;Jesus chamou os que queria e foram ter com Ele&#8221; (Mc. 3,13). Ela apresenta de modo sint\u00e9tico os elementos estruturantes da voca\u00e7\u00e3o: o chamamento do Senhor e a resposta dos disc\u00edpulos, confirmada pela decis\u00e3o de ir ter com Ele.&#8221;<\/p>\n<pre><em>D. Ant\u00f3nio Augusto de Oliveira Azevedo, Presidente da Comiss\u00e3o Episcopal das Voca\u00e7\u00f5es e Minist\u00e9rios, na Mensagem para a Semana dos Semin\u00e1rios.<\/em><\/pre>\n<p>&nbsp;<\/p>\n<p>&nbsp;<\/p>\n<p><a href=\"http:\/\/paroquiagloria.org\/v2\/wp-content\/uploads\/2013\/02\/seminario_cor.jpg\"><img loading=\"lazy\" class=\"size-full wp-image-8933 aligncenter\" src=\"http:\/\/paroquiagloria.org\/v2\/wp-content\/uploads\/2013\/02\/seminario_cor.jpg\" alt=\"seminario_cor\" width=\"512\" height=\"296\" srcset=\"http:\/\/paroquiagloria.org\/v2\/wp-content\/uploads\/2013\/02\/seminario_cor.jpg 512w, http:\/\/paroquiagloria.org\/v2\/wp-content\/uploads\/2013\/02\/seminario_cor-300x173.jpg 300w\" sizes=\"(max-width: 512px) 100vw, 512px\" \/><\/a><\/p>\n<p><span style=\"text-decoration: underline;\"><strong>Testemunho do Rafael Oliveira, seminarista do 3\u00ba ano:<\/strong><\/span><br \/>\nA minha hist\u00f3ria de F\u00e9 \u00e9 semelhante \u00e0 de muitos outros da minha idade: andei na catequese desde pequeno, fui aprendendo a rezar e habituei-me a ir \u00e0 missa em fam\u00edlia, ao Domingo. Mais tarde, comecei a ir \u00e0s reuni\u00f5es do grupo de jovens da minha par\u00f3quia, em \u00cdlhavo, e a participar nas atividades da diocese de Aveiro: encontros no Dia Mundial da Juventude, peregrina\u00e7\u00f5es, noites de ora\u00e7\u00e3o\u2026<br \/>\nIr \u00e0 Igreja era para mim t\u00e3o natural como ir aos treinos do futebol ou ir \u00e0 escola. Era uma coisa entre muitas outras. Mas \u00e0 medida que fui crescendo, deixei tamb\u00e9m que a f\u00e9 ganhasse outro espa\u00e7o na minha vida. O que ouvia durante a missa nas leituras da Palavra de Deus e nas homilias fazia sentido para mim. O que compreendia da vida de Jesus e das palavras d&#8217;Ele era o que eu queria para mim. Se isto fosse mesmo assim &#8211; pensava eu &#8211; a vida era incr\u00edvel. Se todos viv\u00eassemos isto!<br \/>\nEnt\u00e3o, comecei a sentir uma grande diferen\u00e7a na minha vida. Por um lado, vivia a experi\u00eancia da alegria imensa, de uma felicidade verdadeira quando ia \u00e0s atividades do grupo de jovens, e via que viver como Jesus ensinava e viver esta rela\u00e7\u00e3o pessoal com Deus enchia a minha vida de sentido. Por outro, tinha os receios normais daquela idade &#8211; o que vou estudar, o que quero fazer da vida, como ser\u00e1 o futuro? E isto da f\u00e9, \u00e9 mesmo a s\u00e9rio? O que tem isto tudo a ver comigo? A felicidade que experimentava nas &#8220;coisas da Igreja&#8221; contrastava, por vezes, com o meu dia-a-dia.<br \/>\nQuando estava no ensino secund\u00e1rio, vivi uma experi\u00eancia que me marcou profundamente: o meu professor de Educa\u00e7\u00e3o Moral e Religiosa Cat\u00f3lica desafiou-me para fazer uma viagem a Taiz\u00e9, uma comunidade religiosa em Fran\u00e7a. Eu aceitei o desafio e fui &#8211; como muitos outros jovens da diocese. E a\u00ed, nos grupos de partilha e reflex\u00e3o, nas ora\u00e7\u00f5es comunit\u00e1rias, nos jogos, nos encontros com os e outros e no sil\u00eancio sentia-me em paz; verdadeiramente feliz. Percebi que a f\u00e9 crist\u00e3 n\u00e3o era uma coisa s\u00f3 para alguns momentos especiais. O que vivi ali em Taiz\u00e9 &#8211; a alegria, a simplicidade, a miseric\u00f3rdia e o encontro com Deus &#8211; eu podia viver todos os dias e mais ainda, eu podia dar aos outros. E nesse momento, deixei entrar em mim uma pergunta &#8211; se ser padre \u00e9 viver isto todos os dias e levar isto aos outros\u2026 e se fosse eu?<br \/>\n<em>Ent\u00e3o ouvi a voz do Senhor que dizia: &#8220;Quem enviarei? Quem ser\u00e1 o nosso mensageiro?&#8221; Ent\u00e3o eu disse: &#8220;Eis-me aqui, envia-me!&#8221; (Is 7, 8)<\/em><\/p>\n<p>&nbsp;<\/p>\n<p>&nbsp;<\/p>\n<p><strong>&#8230;&#8230;DEPOIS DE MEDITAR<\/strong><\/p>\n<div class='et-box et-info'>\r\n\t\t\t\t\t<div class='et-box-content'>O que \u00e9 o Semin\u00e1rio? O semin\u00e1rio \u00e9 uma casa dedicada \u00e0 forma\u00e7\u00e3o de seus candidatos a sacerdotes, preparam os futuros padres. Os estudantes s\u00e3o os &#8220;seminaristas&#8221; e recebem prepara\u00e7\u00e3o cultural e Teol\u00f3gica, bem como filos\u00f3fica, e espiritual. O fim espec\u00edfico do tempo de semin\u00e1rio \u00e9 proporcionar \u00e0queles que desejam um maior discernimento da sua voca\u00e7\u00e3o, a possibilidade de um acompanhamento para seguir Jesus. \u00c9 fun\u00e7\u00e3o do Semin\u00e1rio propor o presbiterado como ideal de vida e chamamento, ajudando a alcan\u00e7ar uma resposta na f\u00e9, com maturidade humana e espiritual suficiente para que seja dada com sentido de responsabilidade e chamamento.<\/div><\/div>\n<p>&nbsp;<\/p>\n<div class='et-box et-info'>\r\n\t\t\t\t\t<div class='et-box-content'>Quantos seminaristas tem a Diocese? Neste momento a Diocese de Aveiro tem 3 seminaristas no Semin\u00e1rio Maior que estudam em Lisboa (o Jo\u00e3o Rendeiro e o Guilherme Reis no Tempo Proped\u00eautico e o Rafael Oliveira no 3\u00ba ano).<\/div><\/div>\n<p>&nbsp;<\/p>\n<div class='et-box et-info'>\r\n\t\t\t\t\t<div class='et-box-content'>Para que servem os padres? &#8220;Os fi\u00e9is esperam somente uma coisa dos sacerdotes: que sejam especialistas na promo\u00e7\u00e3o do encontro entre o homem e Deus. Ao sacerdote n\u00e3o se pede para ser perito em economia, constru\u00e7\u00e3o ou pol\u00edtica. Pede-se que ele seja um especialista na vida espiritual.&#8221; Papa Bento XVI<\/div><\/div>\n<p>&nbsp;<\/p>\n<div class='et-box et-info'>\r\n\t\t\t\t\t<div class='et-box-content'>Como se formam os Padres? A forma\u00e7\u00e3o de um sacerdote consistem num Tempo Proped\u00eautico de aprofundamento humano, crist\u00e3o e espiritual; cinco anos acad\u00e9micos dos estudos de Teologia (dois anos de Filosofia e 3 de Teologia); um ano pastoral, vivido com disciplinas complementares ao curso de Teologia e o s\u00e9timo ano de Est\u00e1gio Pastoral, enquanto di\u00e1conos, j\u00e1 inseridos em par\u00f3quias da nossa Diocese, at\u00e9 \u00e0 ordena\u00e7\u00e3o sacerdotal.<\/div><\/div>\n<p>&nbsp;<\/p>\n<p>&nbsp;<\/p>\n\r\n\t\t\t<div class='et-tabs-container et_sliderfx_fade et_sliderauto_false et_sliderauto_speed_5000 et_slidertype_top_tabs'>\r\n\t\t\t\t<ul class='et-tabs-control'>\r\n\t\t\t<li><a href='#'>\r\n\t\t\t\r\n\t\t<\/a><\/li>\r\n\t\t<\/ul> <!-- .et-tabs-control --> \r\n\t\t<div class='et-tabs-content'>\r\n\t\t\t<div class='et-tabs-content-wrapper'>\r\n\t\t\t\t<div class='et_slidecontent'>\r\n\t\t\tPrece pelos Semin\u00e1rios:\nRezemos ao Senhor da Messe por todos os Semin\u00e1rios, equipas formadoras e seminaristas para que o Senhor os fortale\u00e7a e os anime no desempenho das fun\u00e7\u00f5es e ponham toda a sua confian\u00e7a no Senhor.\r\n\t\t<\/div>\r\n\t\t\t<\/div>\r\n\t\t<\/div>\r\n\t\t\t<\/div> <!-- .et-tabs-container -->\n<p>&nbsp;<\/p>\n","protected":false},"excerpt":{"rendered":"<p>1 &#8211; 8 Novembro 2020 &nbsp; &#8220;A Igreja dedica a semana de 1 a 8 de novembro \u00e0 ora\u00e7\u00e3o pelos Semin\u00e1rios. Este ano &#8220;tem como fonte de inspira\u00e7\u00e3o a palavra do Evangelho: &#8220;Jesus chamou os que queria e foram ter com Ele&#8221; (Mc. 3,13). Ela apresenta de modo sint\u00e9tico os elementos estruturantes da voca\u00e7\u00e3o: o [&hellip;]<\/p>\n","protected":false},"author":1,"featured_media":8932,"comment_status":"open","ping_status":"closed","sticky":false,"template":"","format":"standard","meta":{"ngg_post_thumbnail":0},"categories":[1,4,2,6,23],"tags":[],"_links":{"self":[{"href":"http:\/\/paroquiagloria.org\/v2\/index.php?rest_route=\/wp\/v2\/posts\/8953"}],"collection":[{"href":"http:\/\/paroquiagloria.org\/v2\/index.php?rest_route=\/wp\/v2\/posts"}],"about":[{"href":"http:\/\/paroquiagloria.org\/v2\/index.php?rest_route=\/wp\/v2\/types\/post"}],"author":[{"embeddable":true,"href":"http:\/\/paroquiagloria.org\/v2\/index.php?rest_route=\/wp\/v2\/users\/1"}],"replies":[{"embeddable":true,"href":"http:\/\/paroquiagloria.org\/v2\/index.php?rest_route=%2Fwp%2Fv2%2Fcomments&post=8953"}],"version-history":[{"count":2,"href":"http:\/\/paroquiagloria.org\/v2\/index.php?rest_route=\/wp\/v2\/posts\/8953\/revisions"}],"predecessor-version":[{"id":8955,"href":"http:\/\/paroquiagloria.org\/v2\/index.php?rest_route=\/wp\/v2\/posts\/8953\/revisions\/8955"}],"wp:featuredmedia":[{"embeddable":true,"href":"http:\/\/paroquiagloria.org\/v2\/index.php?rest_route=\/wp\/v2\/media\/8932"}],"wp:attachment":[{"href":"http:\/\/paroquiagloria.org\/v2\/index.php?rest_route=%2Fwp%2Fv2%2Fmedia&parent=8953"}],"wp:term":[{"taxonomy":"category","embeddable":true,"href":"http:\/\/paroquiagloria.org\/v2\/index.php?rest_route=%2Fwp%2Fv2%2Fcategories&post=8953"},{"taxonomy":"post_tag","embeddable":true,"href":"http:\/\/paroquiagloria.org\/v2\/index.php?rest_route=%2Fwp%2Fv2%2Ftags&post=8953"}],"curies":[{"name":"wp","href":"https:\/\/api.w.org\/{rel}","templated":true}]}}