{"id":8942,"date":"2020-10-31T18:31:43","date_gmt":"2020-10-31T18:31:43","guid":{"rendered":"http:\/\/paroquiagloria.org\/v2\/?p=8942"},"modified":"2020-10-31T18:31:43","modified_gmt":"2020-10-31T18:31:43","slug":"semana-dos-seminarios-2020","status":"publish","type":"post","link":"http:\/\/paroquiagloria.org\/v2\/?p=8942","title":{"rendered":"Semana dos Semin\u00e1rios &#8211; 2020"},"content":{"rendered":"<p><a href=\"http:\/\/paroquiagloria.org\/v2\/wp-content\/uploads\/2013\/02\/seminario_cor.jpg\"><img loading=\"lazy\" class=\"size-full wp-image-8933 aligncenter\" src=\"http:\/\/paroquiagloria.org\/v2\/wp-content\/uploads\/2013\/02\/seminario_cor.jpg\" alt=\"seminario_cor\" width=\"512\" height=\"296\" srcset=\"http:\/\/paroquiagloria.org\/v2\/wp-content\/uploads\/2013\/02\/seminario_cor.jpg 512w, http:\/\/paroquiagloria.org\/v2\/wp-content\/uploads\/2013\/02\/seminario_cor-300x173.jpg 300w\" sizes=\"(max-width: 512px) 100vw, 512px\" \/><\/a><\/p>\n<p>&nbsp;<\/p>\n<p>PARA MEDITAR:<\/p>\n<ul>\n<li>O que \u00e9 o Semin\u00e1rio?<\/li>\n<li>Quantos Seminaristas tem a Diocese?<\/li>\n<li>Quantos Pr\u00e9-Seminaristas tem a nossa Par\u00f3quia?<\/li>\n<li>Como se formam os Padres?<\/li>\n<li>Quanto tempo \u00e9 preciso para ser Padre?<\/li>\n<\/ul>\n<p>&nbsp;<\/p>\n<p><a href=\"http:\/\/paroquiagloria.org\/v2\/wp-content\/uploads\/2013\/02\/SeminarioSantaJoana.jpg\"><img loading=\"lazy\" class=\"size-full wp-image-8937 aligncenter\" src=\"http:\/\/paroquiagloria.org\/v2\/wp-content\/uploads\/2013\/02\/SeminarioSantaJoana.jpg\" alt=\"SeminarioSantaJoana\" width=\"198\" height=\"255\" \/><\/a><\/p>\n","protected":false},"excerpt":{"rendered":"<p>&nbsp; PARA MEDITAR: O que \u00e9 o Semin\u00e1rio? Quantos Seminaristas tem a Diocese? Quantos Pr\u00e9-Seminaristas tem a nossa Par\u00f3quia? Como se formam os Padres? Quanto tempo \u00e9 preciso para ser Padre? &nbsp;<\/p>\n","protected":false},"author":1,"featured_media":8932,"comment_status":"open","ping_status":"closed","sticky":false,"template":"","format":"standard","meta":{"ngg_post_thumbnail":0},"categories":[1,4,2,6,23],"tags":[],"_links":{"self":[{"href":"http:\/\/paroquiagloria.org\/v2\/index.php?rest_route=\/wp\/v2\/posts\/8942"}],"collection":[{"href":"http:\/\/paroquiagloria.org\/v2\/index.php?rest_route=\/wp\/v2\/posts"}],"about":[{"href":"http:\/\/paroquiagloria.org\/v2\/index.php?rest_route=\/wp\/v2\/types\/post"}],"author":[{"embeddable":true,"href":"http:\/\/paroquiagloria.org\/v2\/index.php?rest_route=\/wp\/v2\/users\/1"}],"replies":[{"embeddable":true,"href":"http:\/\/paroquiagloria.org\/v2\/index.php?rest_route=%2Fwp%2Fv2%2Fcomments&post=8942"}],"version-history":[{"count":1,"href":"http:\/\/paroquiagloria.org\/v2\/index.php?rest_route=\/wp\/v2\/posts\/8942\/revisions"}],"predecessor-version":[{"id":8943,"href":"http:\/\/paroquiagloria.org\/v2\/index.php?rest_route=\/wp\/v2\/posts\/8942\/revisions\/8943"}],"wp:featuredmedia":[{"embeddable":true,"href":"http:\/\/paroquiagloria.org\/v2\/index.php?rest_route=\/wp\/v2\/media\/8932"}],"wp:attachment":[{"href":"http:\/\/paroquiagloria.org\/v2\/index.php?rest_route=%2Fwp%2Fv2%2Fmedia&parent=8942"}],"wp:term":[{"taxonomy":"category","embeddable":true,"href":"http:\/\/paroquiagloria.org\/v2\/index.php?rest_route=%2Fwp%2Fv2%2Fcategories&post=8942"},{"taxonomy":"post_tag","embeddable":true,"href":"http:\/\/paroquiagloria.org\/v2\/index.php?rest_route=%2Fwp%2Fv2%2Ftags&post=8942"}],"curies":[{"name":"wp","href":"https:\/\/api.w.org\/{rel}","templated":true}]}}