{"id":8927,"date":"2020-10-24T18:27:32","date_gmt":"2020-10-24T18:27:32","guid":{"rendered":"http:\/\/paroquiagloria.org\/v2\/?p=8927"},"modified":"2020-10-24T18:27:32","modified_gmt":"2020-10-24T18:27:32","slug":"recomecar-a-partir-de-cristo-3","status":"publish","type":"post","link":"http:\/\/paroquiagloria.org\/v2\/?p=8927","title":{"rendered":"&#8220;RECOME\u00c7AR A PARTIR DE CRISTO&#8230;&#8221; [3]"},"content":{"rendered":"<p>&nbsp;<\/p>\n<p><a href=\"http:\/\/paroquiagloria.org\/v2\/wp-content\/uploads\/2013\/02\/banner_cruzeiro.jpg\"><img loading=\"lazy\" class=\"size-full wp-image-8916 aligncenter\" src=\"http:\/\/paroquiagloria.org\/v2\/wp-content\/uploads\/2013\/02\/banner_cruzeiro.jpg\" alt=\"banner_cruzeiro\" width=\"960\" height=\"450\" srcset=\"http:\/\/paroquiagloria.org\/v2\/wp-content\/uploads\/2013\/02\/banner_cruzeiro.jpg 960w, http:\/\/paroquiagloria.org\/v2\/wp-content\/uploads\/2013\/02\/banner_cruzeiro-300x141.jpg 300w\" sizes=\"(max-width: 960px) 100vw, 960px\" \/><\/a><\/p>\n<p>Desde meados de Setembro que o &#8220;Di\u00e1logo&#8221; dedica a segunda das p\u00e1ginas ao esbo\u00e7o program\u00e1tico deste ano apost\u00f3lico, que, apesar das dificuldades, j\u00e1 come\u00e7ou. E vamos continuar a faz\u00ea-lo.<br \/>\n\u00c9 importante que todos se consciencializem do objectivo geral que deve orientar toda a actividade dos Grupos e Servi\u00e7os da Par\u00f3quia, e que, em resumo, se transcreve: como Par\u00f3quia de Nossa Senhora da Gl\u00f3ria, \u00e0 semelhan\u00e7a da Comunidade dos primeiros disc\u00edpulos de Jerusal\u00e9m, que &#8220;eram ass\u00edduos ao ensino dos Ap\u00f3stolos, \u00e0 uni\u00e3o fraterna, \u00e0 frac\u00e7\u00e3o do p\u00e3o e \u00e0s ora\u00e7\u00f5es&#8221;, queremos mostrar um rosto mais genu\u00edno da Igreja, que se quer sempre Sinodal e Samaritana.<br \/>\nPara crescermos nesta direc\u00e7\u00e3o, n\u00e3o podemos deixar de cuidar das estruturas de coordena\u00e7\u00e3o e corresponsabilidade, especialmente os Conselhos de Pastoral e dos Assuntos Econ\u00f3micos.<br \/>\nN\u00e3o vai ser tarefa f\u00e1cil, mas a renova\u00e7\u00e3o destas estruturas imp\u00f5e-se para nos aproximarmos da Comunidade de Jerusal\u00e9m, que continua a ser hoje inspiradora para quantos, de forma org\u00e2nica e din\u00e2mica, anunciam, celebram e testemunham o Evangelho.<br \/>\nA vida \u00e9 de cada um, mas ningu\u00e9m \u00e9 capaz de a viver sozinho e ser feliz. H\u00e1 que procurar juntos formas capazes de aproxima\u00e7\u00e3o deste ideal e que nos ajudem a crescer como disc\u00edpulos de Jesus Cristo.<\/p>\n<p style=\"text-align: right;\">\nPadre Fausto<\/p>\n","protected":false},"excerpt":{"rendered":"<p>&nbsp; Desde meados de Setembro que o &#8220;Di\u00e1logo&#8221; dedica a segunda das p\u00e1ginas ao esbo\u00e7o program\u00e1tico deste ano apost\u00f3lico, que, apesar das dificuldades, j\u00e1 come\u00e7ou. E vamos continuar a faz\u00ea-lo. \u00c9 importante que todos se consciencializem do objectivo geral que deve orientar toda a actividade dos Grupos e Servi\u00e7os da Par\u00f3quia, e que, em resumo, [&hellip;]<\/p>\n","protected":false},"author":1,"featured_media":8916,"comment_status":"open","ping_status":"closed","sticky":false,"template":"","format":"standard","meta":{"ngg_post_thumbnail":0},"categories":[1,4,2,6,23],"tags":[],"_links":{"self":[{"href":"http:\/\/paroquiagloria.org\/v2\/index.php?rest_route=\/wp\/v2\/posts\/8927"}],"collection":[{"href":"http:\/\/paroquiagloria.org\/v2\/index.php?rest_route=\/wp\/v2\/posts"}],"about":[{"href":"http:\/\/paroquiagloria.org\/v2\/index.php?rest_route=\/wp\/v2\/types\/post"}],"author":[{"embeddable":true,"href":"http:\/\/paroquiagloria.org\/v2\/index.php?rest_route=\/wp\/v2\/users\/1"}],"replies":[{"embeddable":true,"href":"http:\/\/paroquiagloria.org\/v2\/index.php?rest_route=%2Fwp%2Fv2%2Fcomments&post=8927"}],"version-history":[{"count":1,"href":"http:\/\/paroquiagloria.org\/v2\/index.php?rest_route=\/wp\/v2\/posts\/8927\/revisions"}],"predecessor-version":[{"id":8928,"href":"http:\/\/paroquiagloria.org\/v2\/index.php?rest_route=\/wp\/v2\/posts\/8927\/revisions\/8928"}],"wp:featuredmedia":[{"embeddable":true,"href":"http:\/\/paroquiagloria.org\/v2\/index.php?rest_route=\/wp\/v2\/media\/8916"}],"wp:attachment":[{"href":"http:\/\/paroquiagloria.org\/v2\/index.php?rest_route=%2Fwp%2Fv2%2Fmedia&parent=8927"}],"wp:term":[{"taxonomy":"category","embeddable":true,"href":"http:\/\/paroquiagloria.org\/v2\/index.php?rest_route=%2Fwp%2Fv2%2Fcategories&post=8927"},{"taxonomy":"post_tag","embeddable":true,"href":"http:\/\/paroquiagloria.org\/v2\/index.php?rest_route=%2Fwp%2Fv2%2Ftags&post=8927"}],"curies":[{"name":"wp","href":"https:\/\/api.w.org\/{rel}","templated":true}]}}