{"id":8921,"date":"2020-10-24T18:23:37","date_gmt":"2020-10-24T18:23:37","guid":{"rendered":"http:\/\/paroquiagloria.org\/v2\/?p=8921"},"modified":"2020-10-24T18:23:37","modified_gmt":"2020-10-24T18:23:37","slug":"semana-de-oracao-pelos-seminarios","status":"publish","type":"post","link":"http:\/\/paroquiagloria.org\/v2\/?p=8921","title":{"rendered":"Semana de Ora\u00e7\u00e3o pelos Semin\u00e1rios"},"content":{"rendered":"<h1>1-8 Novembro 2020<\/h1>\n<p>&nbsp;<\/p>\n<p><a href=\"http:\/\/paroquiagloria.org\/v2\/wp-content\/uploads\/2013\/02\/semana-semianrios_cartaz-850x1229_aveiro.jpg\"><img loading=\"lazy\" class=\"size-large wp-image-8915 aligncenter\" src=\"http:\/\/paroquiagloria.org\/v2\/wp-content\/uploads\/2013\/02\/semana-semianrios_cartaz-850x1229_aveiro-708x1024.jpg\" alt=\"semana-semianrios_cartaz-850x1229_aveiro\" width=\"708\" height=\"1024\" srcset=\"http:\/\/paroquiagloria.org\/v2\/wp-content\/uploads\/2013\/02\/semana-semianrios_cartaz-850x1229_aveiro-708x1024.jpg 708w, http:\/\/paroquiagloria.org\/v2\/wp-content\/uploads\/2013\/02\/semana-semianrios_cartaz-850x1229_aveiro-207x300.jpg 207w, http:\/\/paroquiagloria.org\/v2\/wp-content\/uploads\/2013\/02\/semana-semianrios_cartaz-850x1229_aveiro.jpg 850w\" sizes=\"(max-width: 708px) 100vw, 708px\" \/><\/a><\/p>\n<p>&nbsp;<\/p>\n<p>&nbsp;<\/p>\n<p>&nbsp;<\/p>\n<p>&nbsp;<\/p>\n<p style=\"padding-left: 150px;\"><strong>Ora\u00e7\u00e3o<\/strong><\/p>\n<p style=\"padding-left: 150px;\">Senhor Jesus, filho muito amado do Pai,<br \/>\nenvia a for\u00e7a suave do Esp\u00edrito<br \/>\npara que desperte em todos n\u00f3s<br \/>\na decis\u00e3o de irmos ter contigo para Te seguir.<br \/>\nD\u00e1 aos seminaristas amor \u00e0 voca\u00e7\u00e3o<br \/>\ne a gra\u00e7a do compromisso de fidelidade ao Evangelho.<br \/>\nFaz dos nossos semin\u00e1rios comunidades de disc\u00edpulos,<br \/>\nonde se vive a fraternidade m\u00edstica.<br \/>\nConfirma nos dons do Esp\u00edrito Santo os formadores;<br \/>\nrecompensa e aben\u00e7oa os benfeitores,<br \/>\nampara o nosso Bispo e os nossos p\u00e1rocos,<br \/>\npara que sejam sempre fi\u00e9is ao dom do seu sacerd\u00f3cio.<br \/>\nQue o Teu olhar desperte a generosidade<br \/>\ne a coragem dos jovens para Te seguirem.<br \/>\nConcede \u00e0s nossas fam\u00edlias a ousadia<br \/>\nde Te proporem como caminho, verdade e vida.<br \/>\nSenhor Jesus,<br \/>\ncom a intercess\u00e3o de Maria, Tua e nossa M\u00e3e,<br \/>\nd\u00e1 \u00e0 Igreja, felizes e santas voca\u00e7\u00f5es sacerdotais. \u00c1men!<\/p>\n","protected":false},"excerpt":{"rendered":"<p>1-8 Novembro 2020 &nbsp; &nbsp; &nbsp; &nbsp; &nbsp; Ora\u00e7\u00e3o Senhor Jesus, filho muito amado do Pai, envia a for\u00e7a suave do Esp\u00edrito para que desperte em todos n\u00f3s a decis\u00e3o de irmos ter contigo para Te seguir. D\u00e1 aos seminaristas amor \u00e0 voca\u00e7\u00e3o e a gra\u00e7a do compromisso de fidelidade ao Evangelho. Faz dos nossos [&hellip;]<\/p>\n","protected":false},"author":1,"featured_media":8914,"comment_status":"open","ping_status":"closed","sticky":false,"template":"","format":"standard","meta":{"ngg_post_thumbnail":0},"categories":[1,4,2,6,23],"tags":[],"_links":{"self":[{"href":"http:\/\/paroquiagloria.org\/v2\/index.php?rest_route=\/wp\/v2\/posts\/8921"}],"collection":[{"href":"http:\/\/paroquiagloria.org\/v2\/index.php?rest_route=\/wp\/v2\/posts"}],"about":[{"href":"http:\/\/paroquiagloria.org\/v2\/index.php?rest_route=\/wp\/v2\/types\/post"}],"author":[{"embeddable":true,"href":"http:\/\/paroquiagloria.org\/v2\/index.php?rest_route=\/wp\/v2\/users\/1"}],"replies":[{"embeddable":true,"href":"http:\/\/paroquiagloria.org\/v2\/index.php?rest_route=%2Fwp%2Fv2%2Fcomments&post=8921"}],"version-history":[{"count":1,"href":"http:\/\/paroquiagloria.org\/v2\/index.php?rest_route=\/wp\/v2\/posts\/8921\/revisions"}],"predecessor-version":[{"id":8922,"href":"http:\/\/paroquiagloria.org\/v2\/index.php?rest_route=\/wp\/v2\/posts\/8921\/revisions\/8922"}],"wp:featuredmedia":[{"embeddable":true,"href":"http:\/\/paroquiagloria.org\/v2\/index.php?rest_route=\/wp\/v2\/media\/8914"}],"wp:attachment":[{"href":"http:\/\/paroquiagloria.org\/v2\/index.php?rest_route=%2Fwp%2Fv2%2Fmedia&parent=8921"}],"wp:term":[{"taxonomy":"category","embeddable":true,"href":"http:\/\/paroquiagloria.org\/v2\/index.php?rest_route=%2Fwp%2Fv2%2Fcategories&post=8921"},{"taxonomy":"post_tag","embeddable":true,"href":"http:\/\/paroquiagloria.org\/v2\/index.php?rest_route=%2Fwp%2Fv2%2Ftags&post=8921"}],"curies":[{"name":"wp","href":"https:\/\/api.w.org\/{rel}","templated":true}]}}