{"id":8906,"date":"2020-10-17T17:49:18","date_gmt":"2020-10-17T17:49:18","guid":{"rendered":"http:\/\/paroquiagloria.org\/v2\/?p=8906"},"modified":"2020-10-17T17:49:18","modified_gmt":"2020-10-17T17:49:18","slug":"recomecar-a-partir-de-cristo-2-2","status":"publish","type":"post","link":"http:\/\/paroquiagloria.org\/v2\/?p=8906","title":{"rendered":"&#8220;RECOME\u00c7AR A PARTIR DE CRISTO&#8221; [2]"},"content":{"rendered":"<p><a href=\"http:\/\/paroquiagloria.org\/v2\/wp-content\/uploads\/2013\/01\/Catedral_de_Aveiro.jpg\"><img loading=\"lazy\" class=\"size-large wp-image-3702 aligncenter\" src=\"http:\/\/paroquiagloria.org\/v2\/wp-content\/uploads\/2013\/01\/Catedral_de_Aveiro-1024x691.jpg\" alt=\"Catedral_de_Aveiro\" width=\"1024\" height=\"691\" srcset=\"http:\/\/paroquiagloria.org\/v2\/wp-content\/uploads\/2013\/01\/Catedral_de_Aveiro-1024x691.jpg 1024w, http:\/\/paroquiagloria.org\/v2\/wp-content\/uploads\/2013\/01\/Catedral_de_Aveiro-300x203.jpg 300w, http:\/\/paroquiagloria.org\/v2\/wp-content\/uploads\/2013\/01\/Catedral_de_Aveiro-140x94.jpg 140w, http:\/\/paroquiagloria.org\/v2\/wp-content\/uploads\/2013\/01\/Catedral_de_Aveiro.jpg 1280w\" sizes=\"(max-width: 1024px) 100vw, 1024px\" \/><\/a><\/p>\n<p>&nbsp;<\/p>\n<p style=\"text-align: justify;\">Na nossa Par\u00f3quia j\u00e1 se come\u00e7am a dar passos. Mas devagarinho.<br \/>\nA possibilidade de cont\u00e1gio pelo coronavirus acarreta medo, provoca mal estar, faz-nos sentir inseguros e convida-nos a algum resguardo.<br \/>\nSomos uma Par\u00f3quia com muitas pessoas de elevada faixa et\u00e1ria. E os cuidados justificam-se. Mas n\u00e3o podemos parar.<br \/>\nOs h\u00e1bitos do confinamento e os medos do cont\u00e1gio, ainda que compreens\u00edveis, podem esconder a tenta\u00e7\u00e3o da religi\u00e3o dos m\u00ednimos&#8230;, acomodando-nos ao sof\u00e1. E isso j\u00e1 n\u00e3o vale. N\u00e3o basta para se ser crist\u00e3o.<br \/>\nCom as devidas cautelas, conjugadas com uma pitada de ousadia e coragem, e com dose forte de confian\u00e7a em Deus, &#8220;Queremos mostrar como Par\u00f3quia de Nossa Senhora da Gl\u00f3ria, \u00e0 semelhan\u00e7a da comunidade dos primeiros disc\u00edpulos de Jerusal\u00e9m, que eram ass\u00edduos ao ensino dos Ap\u00f3stolos, \u00e0 uni\u00e3o fraterna, \u00e0 frac\u00e7\u00e3o do p\u00e3o e \u00e0s ora\u00e7\u00f5es (Act 2,42), um rosto mais genu\u00edno da Igreja, que se quer sempre Sinodal e Samaritana&#8221;.<br \/>\nA fidelidade a este objectivo geral, para o presente ano apost\u00f3lico, levar-nos-\u00e1 a um redobrado esfor\u00e7o, para tornarmos os servi\u00e7os de ac\u00e7\u00e3o s\u00f3cio-caritativa (Confer\u00eancias Vicentinas, Rouparia Solid\u00e1ria, Visitadores de Doentes&#8230;), a express\u00e3o privilegiada da &#8220;Igreja Samaritana&#8221; ou, como diz o Papa Francisco, da &#8220;Igreja em sa\u00edda&#8221;.<br \/>\n\u00c9 tempo de Recome\u00e7ar. Imp\u00f5e-se a reorganiza\u00e7\u00e3o da Pastoral social na nossa Par\u00f3quia. O desafio \u00e9 para o presente ano.<\/p>\n<p style=\"text-align: right;\">Padre Fausto<\/p>\n","protected":false},"excerpt":{"rendered":"<p>&nbsp; Na nossa Par\u00f3quia j\u00e1 se come\u00e7am a dar passos. Mas devagarinho. A possibilidade de cont\u00e1gio pelo coronavirus acarreta medo, provoca mal estar, faz-nos sentir inseguros e convida-nos a algum resguardo. Somos uma Par\u00f3quia com muitas pessoas de elevada faixa et\u00e1ria. E os cuidados justificam-se. Mas n\u00e3o podemos parar. Os h\u00e1bitos do confinamento e os [&hellip;]<\/p>\n","protected":false},"author":1,"featured_media":8649,"comment_status":"open","ping_status":"closed","sticky":false,"template":"","format":"standard","meta":{"ngg_post_thumbnail":0},"categories":[1,4,2,6,23],"tags":[],"_links":{"self":[{"href":"http:\/\/paroquiagloria.org\/v2\/index.php?rest_route=\/wp\/v2\/posts\/8906"}],"collection":[{"href":"http:\/\/paroquiagloria.org\/v2\/index.php?rest_route=\/wp\/v2\/posts"}],"about":[{"href":"http:\/\/paroquiagloria.org\/v2\/index.php?rest_route=\/wp\/v2\/types\/post"}],"author":[{"embeddable":true,"href":"http:\/\/paroquiagloria.org\/v2\/index.php?rest_route=\/wp\/v2\/users\/1"}],"replies":[{"embeddable":true,"href":"http:\/\/paroquiagloria.org\/v2\/index.php?rest_route=%2Fwp%2Fv2%2Fcomments&post=8906"}],"version-history":[{"count":1,"href":"http:\/\/paroquiagloria.org\/v2\/index.php?rest_route=\/wp\/v2\/posts\/8906\/revisions"}],"predecessor-version":[{"id":8907,"href":"http:\/\/paroquiagloria.org\/v2\/index.php?rest_route=\/wp\/v2\/posts\/8906\/revisions\/8907"}],"wp:featuredmedia":[{"embeddable":true,"href":"http:\/\/paroquiagloria.org\/v2\/index.php?rest_route=\/wp\/v2\/media\/8649"}],"wp:attachment":[{"href":"http:\/\/paroquiagloria.org\/v2\/index.php?rest_route=%2Fwp%2Fv2%2Fmedia&parent=8906"}],"wp:term":[{"taxonomy":"category","embeddable":true,"href":"http:\/\/paroquiagloria.org\/v2\/index.php?rest_route=%2Fwp%2Fv2%2Fcategories&post=8906"},{"taxonomy":"post_tag","embeddable":true,"href":"http:\/\/paroquiagloria.org\/v2\/index.php?rest_route=%2Fwp%2Fv2%2Ftags&post=8906"}],"curies":[{"name":"wp","href":"https:\/\/api.w.org\/{rel}","templated":true}]}}