{"id":8904,"date":"2020-10-17T17:40:38","date_gmt":"2020-10-17T17:40:38","guid":{"rendered":"http:\/\/paroquiagloria.org\/v2\/?p=8904"},"modified":"2020-10-24T18:25:11","modified_gmt":"2020-10-24T18:25:11","slug":"catequese-20202021-2","status":"publish","type":"post","link":"http:\/\/paroquiagloria.org\/v2\/?p=8904","title":{"rendered":"Catequese 2020\/2021"},"content":{"rendered":"<h2><a href=\"http:\/\/paroquiagloria.org\/v2\/wp-content\/uploads\/2016\/05\/banner_catequese.jpg\"><img loading=\"lazy\" class=\"size-full wp-image-4421 aligncenter\" src=\"http:\/\/paroquiagloria.org\/v2\/wp-content\/uploads\/2016\/05\/banner_catequese.jpg\" alt=\"banner_catequese\" width=\"960\" height=\"450\" srcset=\"http:\/\/paroquiagloria.org\/v2\/wp-content\/uploads\/2016\/05\/banner_catequese.jpg 960w, http:\/\/paroquiagloria.org\/v2\/wp-content\/uploads\/2016\/05\/banner_catequese-300x141.jpg 300w\" sizes=\"(max-width: 960px) 100vw, 960px\" \/><\/a><\/h2>\n<h2>Hor\u00e1rios da catequese<\/h2>\n<h3><span style=\"color: #ff0000;\"><strong>(a Catequese come\u00e7a a 26 de Outubro)<\/strong><\/span><\/h3>\n<p style=\"padding-left: 60px;\"><strong>1\u00ba ano-<\/strong> Segunda e Quarta-feira &#8211; 16.30h<br \/>\n<strong>2\u00ba ano-<\/strong> Segunda e Quinta-feira &#8211; 16.30h<br \/>\n<strong>3\u00ba ano-<\/strong> Ter\u00e7a e Quinta-feira &#8211; 16.30h<br \/>\n<strong>4\u00ba ano-<\/strong> Ter\u00e7a e Quarta-feira &#8211; 16.30h; S\u00e1bado &#8211; 10.30h<br \/>\n<strong>5\u00ba ano-<\/strong> Segunda e Quarta-feira &#8211; 18.30h<br \/>\n<strong>6\u00ba ano-<\/strong> Segunda e Quarta-feira &#8211; 18.30h<br \/>\n<strong>7\u00ba ano-<\/strong> Segunda e Ter\u00e7a-feira &#8211; 18.30h<br \/>\n<strong>8\u00ba ano-<\/strong> Ter\u00e7a-feira &#8211; 18.30h<br \/>\n<strong>9\u00ba ano-<\/strong> Sexta-feira &#8211; 18.30h<br \/>\n<strong>10\u00ba ano-<\/strong> Quinta-feira &#8211; 18.30h<br \/>\n<strong>11\u00ba ano-<\/strong> Quarta e Quinta-feira &#8211; 18.30h<\/p>\n<p>&nbsp;<\/p>\n<h2>Funcionamento da Catequese<\/h2>\n<p><a href=\"http:\/\/paroquiagloria.org\/v2\/wp-content\/uploads\/2013\/02\/inicio-catequesis-color_small.jpg\"><img loading=\"lazy\" class=\"size-full wp-image-8840 aligncenter\" src=\"http:\/\/paroquiagloria.org\/v2\/wp-content\/uploads\/2013\/02\/inicio-catequesis-color_small.jpg\" alt=\"inicio-catequesis-color_small\" width=\"860\" height=\"606\" srcset=\"http:\/\/paroquiagloria.org\/v2\/wp-content\/uploads\/2013\/02\/inicio-catequesis-color_small.jpg 860w, http:\/\/paroquiagloria.org\/v2\/wp-content\/uploads\/2013\/02\/inicio-catequesis-color_small-300x211.jpg 300w\" sizes=\"(max-width: 860px) 100vw, 860px\" \/><\/a><\/p>\n<p>H\u00e1 algumas medidas que, apesar de j\u00e1 conhecidas por todos, s\u00e3o necess\u00e1rias recordar:<\/p>\n<p style=\"padding-left: 60px;\">\u2022 Uso de m\u00e1scara dentro do Centro Paroquial (para todos os anos de catequese);<br \/>\n\u2022 Desinfe\u00e7\u00e3o das m\u00e3os \u00e0 entrada;<br \/>\n\u2022 Medi\u00e7\u00e3o da temperatura (sem registo da mesma);<br \/>\n\u2022 Cada catequizando dever\u00e1 trazer os materiais necess\u00e1rios para a catequese (catecismo, l\u00e1pis, caneta, etc).<\/p>\n","protected":false},"excerpt":{"rendered":"<p>Hor\u00e1rios da catequese (a Catequese come\u00e7a a 26 de Outubro) 1\u00ba ano- Segunda e Quarta-feira &#8211; 16.30h 2\u00ba ano- Segunda e Quinta-feira &#8211; 16.30h 3\u00ba ano- Ter\u00e7a e Quinta-feira &#8211; 16.30h 4\u00ba ano- Ter\u00e7a e Quarta-feira &#8211; 16.30h; S\u00e1bado &#8211; 10.30h 5\u00ba ano- Segunda e Quarta-feira &#8211; 18.30h 6\u00ba ano- Segunda e Quarta-feira &#8211; 18.30h [&hellip;]<\/p>\n","protected":false},"author":1,"featured_media":8841,"comment_status":"open","ping_status":"closed","sticky":false,"template":"","format":"standard","meta":{"ngg_post_thumbnail":0},"categories":[1,4,2,6,23],"tags":[],"_links":{"self":[{"href":"http:\/\/paroquiagloria.org\/v2\/index.php?rest_route=\/wp\/v2\/posts\/8904"}],"collection":[{"href":"http:\/\/paroquiagloria.org\/v2\/index.php?rest_route=\/wp\/v2\/posts"}],"about":[{"href":"http:\/\/paroquiagloria.org\/v2\/index.php?rest_route=\/wp\/v2\/types\/post"}],"author":[{"embeddable":true,"href":"http:\/\/paroquiagloria.org\/v2\/index.php?rest_route=\/wp\/v2\/users\/1"}],"replies":[{"embeddable":true,"href":"http:\/\/paroquiagloria.org\/v2\/index.php?rest_route=%2Fwp%2Fv2%2Fcomments&post=8904"}],"version-history":[{"count":3,"href":"http:\/\/paroquiagloria.org\/v2\/index.php?rest_route=\/wp\/v2\/posts\/8904\/revisions"}],"predecessor-version":[{"id":8924,"href":"http:\/\/paroquiagloria.org\/v2\/index.php?rest_route=\/wp\/v2\/posts\/8904\/revisions\/8924"}],"wp:featuredmedia":[{"embeddable":true,"href":"http:\/\/paroquiagloria.org\/v2\/index.php?rest_route=\/wp\/v2\/media\/8841"}],"wp:attachment":[{"href":"http:\/\/paroquiagloria.org\/v2\/index.php?rest_route=%2Fwp%2Fv2%2Fmedia&parent=8904"}],"wp:term":[{"taxonomy":"category","embeddable":true,"href":"http:\/\/paroquiagloria.org\/v2\/index.php?rest_route=%2Fwp%2Fv2%2Fcategories&post=8904"},{"taxonomy":"post_tag","embeddable":true,"href":"http:\/\/paroquiagloria.org\/v2\/index.php?rest_route=%2Fwp%2Fv2%2Ftags&post=8904"}],"curies":[{"name":"wp","href":"https:\/\/api.w.org\/{rel}","templated":true}]}}