{"id":8891,"date":"2020-10-10T17:50:21","date_gmt":"2020-10-10T17:50:21","guid":{"rendered":"http:\/\/paroquiagloria.org\/v2\/?p=8891"},"modified":"2020-10-10T17:50:21","modified_gmt":"2020-10-10T17:50:21","slug":"todos-os-santos-e-fieis-defuntos-5","status":"publish","type":"post","link":"http:\/\/paroquiagloria.org\/v2\/?p=8891","title":{"rendered":"Todos os Santos e Fi\u00e9is Defuntos"},"content":{"rendered":"<p><a href=\"http:\/\/paroquiagloria.org\/v2\/wp-content\/uploads\/2020\/04\/dioceseAveiro.jpg\"><img loading=\"lazy\" class=\"size-full wp-image-8532 aligncenter\" src=\"http:\/\/paroquiagloria.org\/v2\/wp-content\/uploads\/2020\/04\/dioceseAveiro.jpg\" alt=\"dioceseAveiro\" width=\"960\" height=\"450\" srcset=\"http:\/\/paroquiagloria.org\/v2\/wp-content\/uploads\/2020\/04\/dioceseAveiro.jpg 960w, http:\/\/paroquiagloria.org\/v2\/wp-content\/uploads\/2020\/04\/dioceseAveiro-300x141.jpg 300w\" sizes=\"(max-width: 960px) 100vw, 960px\" \/><\/a><\/p>\n<p><b>Todos os Santos e Fi\u00e9is\u00a0Defuntos sem missas nos cemit\u00e9rios<\/b><\/p>\n<p>O Conselho de Arciprestes dedicou parte da sua reuni\u00e3o de 1 de outubro \u00e0 quest\u00e3o dos dias de Todos os Santos e Fi\u00e9is Defuntos, respetivamente, 1 e 2 de novembro, decidindo que n\u00e3o haver\u00e1 celebra\u00e7\u00f5es nos cemit\u00e9rios. O conselho, constitu\u00eddo pelos arciprestes, vig\u00e1rio geral e respons\u00e1veis dos diversos setores pastorais [do semin\u00e1rio \u00e0 liturgia, da pastoral juvenil \u00e0 pastoral social], e presidido pelo Bispo de Aveiro, elaborou cinco indica\u00e7\u00f5es que reproduzimos na \u00edntegra:<\/p>\n<p style=\"padding-left: 30px;\">1. A Igreja n\u00e3o tem autoridade sobre os cemit\u00e9rios. Por isso a sua abertura ou n\u00e3o depende das autoridades civis, neste caso as Juntas de Freguesia ou as C\u00e2maras Municipais.<\/p>\n<p style=\"padding-left: 30px;\">2. Quer no Domingo, Dia de Todos os Santos, quer na segunda-feira, em que se comemoram os Fieis Defuntos, n\u00e3o haver\u00e1 celebra\u00e7\u00f5es nos cemit\u00e9rios.<\/p>\n<p style=\"padding-left: 30px;\">3. As celebra\u00e7\u00f5es de domingo ser\u00e3o nas Igreja, embora, quem tenha espa\u00e7os largos e suficientes e respeitando as normas da DGS, as dist\u00e2ncias determinadas, o uso de m\u00e1scaras e a desinfe\u00e7\u00e3o das m\u00e3os, o possa fazer ao ar livre<\/p>\n<p style=\"padding-left: 30px;\">4. Os sacerdotes dever\u00e3o ir aos cemit\u00e9rios, rezar pelos defuntos da sua par\u00f3quia, mas sem determinar a hora.<\/p>\n<p style=\"padding-left: 30px;\">5. Estas indica\u00e7\u00f5es dever\u00e3o ser comunicadas a toda a Diocese.<\/p>\n","protected":false},"excerpt":{"rendered":"<p>Todos os Santos e Fi\u00e9is\u00a0Defuntos sem missas nos cemit\u00e9rios O Conselho de Arciprestes dedicou parte da sua reuni\u00e3o de 1 de outubro \u00e0 quest\u00e3o dos dias de Todos os Santos e Fi\u00e9is Defuntos, respetivamente, 1 e 2 de novembro, decidindo que n\u00e3o haver\u00e1 celebra\u00e7\u00f5es nos cemit\u00e9rios. O conselho, constitu\u00eddo pelos arciprestes, vig\u00e1rio geral e respons\u00e1veis [&hellip;]<\/p>\n","protected":false},"author":1,"featured_media":8532,"comment_status":"open","ping_status":"closed","sticky":false,"template":"","format":"standard","meta":{"ngg_post_thumbnail":0},"categories":[1,4,2,6],"tags":[],"_links":{"self":[{"href":"http:\/\/paroquiagloria.org\/v2\/index.php?rest_route=\/wp\/v2\/posts\/8891"}],"collection":[{"href":"http:\/\/paroquiagloria.org\/v2\/index.php?rest_route=\/wp\/v2\/posts"}],"about":[{"href":"http:\/\/paroquiagloria.org\/v2\/index.php?rest_route=\/wp\/v2\/types\/post"}],"author":[{"embeddable":true,"href":"http:\/\/paroquiagloria.org\/v2\/index.php?rest_route=\/wp\/v2\/users\/1"}],"replies":[{"embeddable":true,"href":"http:\/\/paroquiagloria.org\/v2\/index.php?rest_route=%2Fwp%2Fv2%2Fcomments&post=8891"}],"version-history":[{"count":2,"href":"http:\/\/paroquiagloria.org\/v2\/index.php?rest_route=\/wp\/v2\/posts\/8891\/revisions"}],"predecessor-version":[{"id":8893,"href":"http:\/\/paroquiagloria.org\/v2\/index.php?rest_route=\/wp\/v2\/posts\/8891\/revisions\/8893"}],"wp:featuredmedia":[{"embeddable":true,"href":"http:\/\/paroquiagloria.org\/v2\/index.php?rest_route=\/wp\/v2\/media\/8532"}],"wp:attachment":[{"href":"http:\/\/paroquiagloria.org\/v2\/index.php?rest_route=%2Fwp%2Fv2%2Fmedia&parent=8891"}],"wp:term":[{"taxonomy":"category","embeddable":true,"href":"http:\/\/paroquiagloria.org\/v2\/index.php?rest_route=%2Fwp%2Fv2%2Fcategories&post=8891"},{"taxonomy":"post_tag","embeddable":true,"href":"http:\/\/paroquiagloria.org\/v2\/index.php?rest_route=%2Fwp%2Fv2%2Ftags&post=8891"}],"curies":[{"name":"wp","href":"https:\/\/api.w.org\/{rel}","templated":true}]}}