{"id":8887,"date":"2020-10-10T17:45:33","date_gmt":"2020-10-10T17:45:33","guid":{"rendered":"http:\/\/paroquiagloria.org\/v2\/?p=8887"},"modified":"2020-10-10T17:45:33","modified_gmt":"2020-10-10T17:45:33","slug":"recomecar-a-partir-de-cristo-2","status":"publish","type":"post","link":"http:\/\/paroquiagloria.org\/v2\/?p=8887","title":{"rendered":"&#8220;RECOME\u00c7AR A PARTIR DE CRISTO&#8221;"},"content":{"rendered":"<p><a href=\"http:\/\/paroquiagloria.org\/v2\/wp-content\/uploads\/2017\/06\/banner_sacramento-da-eucaristia.png\"><img loading=\"lazy\" class=\"size-full wp-image-5643 aligncenter\" src=\"http:\/\/paroquiagloria.org\/v2\/wp-content\/uploads\/2017\/06\/banner_sacramento-da-eucaristia.png\" alt=\"banner_sacramento-da-eucaristia\" width=\"960\" height=\"450\" srcset=\"http:\/\/paroquiagloria.org\/v2\/wp-content\/uploads\/2017\/06\/banner_sacramento-da-eucaristia.png 960w, http:\/\/paroquiagloria.org\/v2\/wp-content\/uploads\/2017\/06\/banner_sacramento-da-eucaristia-300x141.png 300w\" sizes=\"(max-width: 960px) 100vw, 960px\" \/><\/a><\/p>\n<p>&nbsp;<\/p>\n<p>A nossa Par\u00f3quia vai lentamente dando sinais de vida. E a Catequese \u00e9 disso sinal. Mas n\u00e3o chega. Os desafios s\u00e3o muitos, para que a nossa realidade esteja mais pr\u00f3xima do objectivo geral, que nos deve mobilizar neste ano pastoral.<br \/>\nImporta, pois, que todos queiramos mostrar, como Par\u00f3quia de Nossa Senhora da Gl\u00f3ria, \u00e0 semelhan\u00e7a da comunidade dos primeiros disc\u00edpulos de Jerusal\u00e9m, que &#8220;eram ass\u00edduos ao ensino dos Ap\u00f3stolos, \u00e0 uni\u00e3o fraterna, \u00e0 frac\u00e7\u00e3o do p\u00e3o e \u00e0s ora\u00e7\u00f5es&#8221; (Act 2,42), um rosto mais genu\u00edno da Igreja, que se quer sempre Sinodal e Samaritana.<br \/>\n&#8220;Recome\u00e7ar a partir de Cristo&#8221; pedir-nos-\u00e1 uma aten\u00e7\u00e3o redobrada, para que a Eucaristia presencial seja Centro, Fonte e Cume de toda a nossa vida crist\u00e3, pessoal e comunit\u00e1ria. Com efeito, o recurso durante meses \u00e0s transmiss\u00f5es da Missa &#8220;online&#8221; pode contribuir para a persist\u00eancia do medo e convidar a manter um certo individualismo e comodismo religioso a partir do &#8220;sof\u00e1&#8221;. Esta situa\u00e7\u00e3o, agravada pela diminui\u00e7\u00e3o generalizada e muito significativa, desde h\u00e1 muito, da pr\u00e1tica religiosa, sobretudo das faixas et\u00e1rias mais jovens, requer de todos, ao longo do ano, um esfor\u00e7o especial para o incremento da vida eucar\u00edstica na nossa Par\u00f3quia.<\/p>\n","protected":false},"excerpt":{"rendered":"<p>&nbsp; A nossa Par\u00f3quia vai lentamente dando sinais de vida. E a Catequese \u00e9 disso sinal. Mas n\u00e3o chega. Os desafios s\u00e3o muitos, para que a nossa realidade esteja mais pr\u00f3xima do objectivo geral, que nos deve mobilizar neste ano pastoral. Importa, pois, que todos queiramos mostrar, como Par\u00f3quia de Nossa Senhora da Gl\u00f3ria, \u00e0 [&hellip;]<\/p>\n","protected":false},"author":1,"featured_media":5643,"comment_status":"open","ping_status":"closed","sticky":false,"template":"","format":"standard","meta":{"ngg_post_thumbnail":0},"categories":[1,4,2,6,23],"tags":[],"_links":{"self":[{"href":"http:\/\/paroquiagloria.org\/v2\/index.php?rest_route=\/wp\/v2\/posts\/8887"}],"collection":[{"href":"http:\/\/paroquiagloria.org\/v2\/index.php?rest_route=\/wp\/v2\/posts"}],"about":[{"href":"http:\/\/paroquiagloria.org\/v2\/index.php?rest_route=\/wp\/v2\/types\/post"}],"author":[{"embeddable":true,"href":"http:\/\/paroquiagloria.org\/v2\/index.php?rest_route=\/wp\/v2\/users\/1"}],"replies":[{"embeddable":true,"href":"http:\/\/paroquiagloria.org\/v2\/index.php?rest_route=%2Fwp%2Fv2%2Fcomments&post=8887"}],"version-history":[{"count":1,"href":"http:\/\/paroquiagloria.org\/v2\/index.php?rest_route=\/wp\/v2\/posts\/8887\/revisions"}],"predecessor-version":[{"id":8888,"href":"http:\/\/paroquiagloria.org\/v2\/index.php?rest_route=\/wp\/v2\/posts\/8887\/revisions\/8888"}],"wp:featuredmedia":[{"embeddable":true,"href":"http:\/\/paroquiagloria.org\/v2\/index.php?rest_route=\/wp\/v2\/media\/5643"}],"wp:attachment":[{"href":"http:\/\/paroquiagloria.org\/v2\/index.php?rest_route=%2Fwp%2Fv2%2Fmedia&parent=8887"}],"wp:term":[{"taxonomy":"category","embeddable":true,"href":"http:\/\/paroquiagloria.org\/v2\/index.php?rest_route=%2Fwp%2Fv2%2Fcategories&post=8887"},{"taxonomy":"post_tag","embeddable":true,"href":"http:\/\/paroquiagloria.org\/v2\/index.php?rest_route=%2Fwp%2Fv2%2Ftags&post=8887"}],"curies":[{"name":"wp","href":"https:\/\/api.w.org\/{rel}","templated":true}]}}