{"id":8885,"date":"2020-10-10T16:43:56","date_gmt":"2020-10-10T16:43:56","guid":{"rendered":"http:\/\/paroquiagloria.org\/v2\/?p=8885"},"modified":"2020-10-10T17:39:27","modified_gmt":"2020-10-10T17:39:27","slug":"185-anos-da-paroquia-2","status":"publish","type":"post","link":"http:\/\/paroquiagloria.org\/v2\/?p=8885","title":{"rendered":"185 anos da Par\u00f3quia"},"content":{"rendered":"<p><a href=\"http:\/\/paroquiagloria.org\/v2\/wp-content\/uploads\/2013\/02\/PNSG_185anos_concerto.jpg\"><img loading=\"lazy\" class=\"size-full wp-image-8863 aligncenter\" src=\"http:\/\/paroquiagloria.org\/v2\/wp-content\/uploads\/2013\/02\/PNSG_185anos_concerto.jpg\" alt=\"PNSG_185anos_concerto\" width=\"585\" height=\"832\" srcset=\"http:\/\/paroquiagloria.org\/v2\/wp-content\/uploads\/2013\/02\/PNSG_185anos_concerto.jpg 585w, http:\/\/paroquiagloria.org\/v2\/wp-content\/uploads\/2013\/02\/PNSG_185anos_concerto-211x300.jpg 211w\" sizes=\"(max-width: 585px) 100vw, 585px\" \/><\/a><\/p>\n<p>A Par\u00f3quia de Nossa Senhora da Gl\u00f3ria de Aveiro foi criada a 13 de Outubro de 1835 a sul do canal central da ria, com a Matriz a ficar instalada na Igreja do Convento dominicano de Nossa Senhora da Miseric\u00f3rdia de Aveiro.<br \/>\nA nova Par\u00f3quia anexou as extintas par\u00f3quias de S\u00e3o Miguel e do Esp\u00edrito Santo, bem como as Igrejas Paroquiais e Capelas a estas ligadas.<br \/>\nPertence-lhe, desde a restaura\u00e7\u00e3o em 1938, o t\u00edtulo de S\u00e9 da Diocese de Aveiro.<br \/>\nNo pr\u00f3ximo dia 17 de outubro decorrer\u00e1 um Concerto comemorativo dos 185 anos da Par\u00f3quia. Ter\u00e1 in\u00edcio \u00e0s 21h30, na S\u00e9. Ser\u00e1 um Concerto para dois \u00f3rg\u00e3os pelos organistas Ricardo Toste e Ant\u00f3nio Mota, com obras de J.L. Krebs, J. Pachelbel, J.S. Bach, G. Gabrieli e J. Alain.. A ENTRADA \u00c9 LIVRE!<\/p>\n","protected":false},"excerpt":{"rendered":"<p>A Par\u00f3quia de Nossa Senhora da Gl\u00f3ria de Aveiro foi criada a 13 de Outubro de 1835 a sul do canal central da ria, com a Matriz a ficar instalada na Igreja do Convento dominicano de Nossa Senhora da Miseric\u00f3rdia de Aveiro. A nova Par\u00f3quia anexou as extintas par\u00f3quias de S\u00e3o Miguel e do Esp\u00edrito [&hellip;]<\/p>\n","protected":false},"author":1,"featured_media":8862,"comment_status":"open","ping_status":"closed","sticky":false,"template":"","format":"standard","meta":{"ngg_post_thumbnail":0},"categories":[1,4,2,6],"tags":[],"_links":{"self":[{"href":"http:\/\/paroquiagloria.org\/v2\/index.php?rest_route=\/wp\/v2\/posts\/8885"}],"collection":[{"href":"http:\/\/paroquiagloria.org\/v2\/index.php?rest_route=\/wp\/v2\/posts"}],"about":[{"href":"http:\/\/paroquiagloria.org\/v2\/index.php?rest_route=\/wp\/v2\/types\/post"}],"author":[{"embeddable":true,"href":"http:\/\/paroquiagloria.org\/v2\/index.php?rest_route=\/wp\/v2\/users\/1"}],"replies":[{"embeddable":true,"href":"http:\/\/paroquiagloria.org\/v2\/index.php?rest_route=%2Fwp%2Fv2%2Fcomments&post=8885"}],"version-history":[{"count":1,"href":"http:\/\/paroquiagloria.org\/v2\/index.php?rest_route=\/wp\/v2\/posts\/8885\/revisions"}],"predecessor-version":[{"id":8886,"href":"http:\/\/paroquiagloria.org\/v2\/index.php?rest_route=\/wp\/v2\/posts\/8885\/revisions\/8886"}],"wp:featuredmedia":[{"embeddable":true,"href":"http:\/\/paroquiagloria.org\/v2\/index.php?rest_route=\/wp\/v2\/media\/8862"}],"wp:attachment":[{"href":"http:\/\/paroquiagloria.org\/v2\/index.php?rest_route=%2Fwp%2Fv2%2Fmedia&parent=8885"}],"wp:term":[{"taxonomy":"category","embeddable":true,"href":"http:\/\/paroquiagloria.org\/v2\/index.php?rest_route=%2Fwp%2Fv2%2Fcategories&post=8885"},{"taxonomy":"post_tag","embeddable":true,"href":"http:\/\/paroquiagloria.org\/v2\/index.php?rest_route=%2Fwp%2Fv2%2Ftags&post=8885"}],"curies":[{"name":"wp","href":"https:\/\/api.w.org\/{rel}","templated":true}]}}