{"id":8869,"date":"2020-10-03T18:43:53","date_gmt":"2020-10-03T18:43:53","guid":{"rendered":"http:\/\/paroquiagloria.org\/v2\/?p=8869"},"modified":"2020-10-03T18:43:53","modified_gmt":"2020-10-03T18:43:53","slug":"185-anos-da-paroquia","status":"publish","type":"post","link":"http:\/\/paroquiagloria.org\/v2\/?p=8869","title":{"rendered":"185 anos da Par\u00f3quia"},"content":{"rendered":"<p>&nbsp;<\/p>\n<p>&nbsp;<\/p>\n<p>No pr\u00f3ximo dia <strong>17 de outubro<\/strong> decorrer\u00e1 um Concerto comemorativo dos 185 anos da Par\u00f3quia de Nossa Senhora da Gl\u00f3ria.<br \/>\nTer\u00e1 in\u00edcio \u00e0s 21h30, na S\u00e9. Ser\u00e1 um Concerto para dois \u00f3rg\u00e3os pelos organistas Ricardo Toste e Ant\u00f3nio Mota. A ENTRADA \u00c9 LIVRE!<\/p>\n<p>&nbsp;<\/p>\n<p><a href=\"http:\/\/paroquiagloria.org\/v2\/wp-content\/uploads\/2013\/02\/PNSG_185anos_concerto.jpg\"><img loading=\"lazy\" class=\"size-full wp-image-8863 aligncenter\" src=\"http:\/\/paroquiagloria.org\/v2\/wp-content\/uploads\/2013\/02\/PNSG_185anos_concerto.jpg\" alt=\"PNSG_185anos_concerto\" width=\"585\" height=\"832\" srcset=\"http:\/\/paroquiagloria.org\/v2\/wp-content\/uploads\/2013\/02\/PNSG_185anos_concerto.jpg 585w, http:\/\/paroquiagloria.org\/v2\/wp-content\/uploads\/2013\/02\/PNSG_185anos_concerto-211x300.jpg 211w\" sizes=\"(max-width: 585px) 100vw, 585px\" \/><\/a><\/p>\n","protected":false},"excerpt":{"rendered":"<p>&nbsp; &nbsp; No pr\u00f3ximo dia 17 de outubro decorrer\u00e1 um Concerto comemorativo dos 185 anos da Par\u00f3quia de Nossa Senhora da Gl\u00f3ria. Ter\u00e1 in\u00edcio \u00e0s 21h30, na S\u00e9. Ser\u00e1 um Concerto para dois \u00f3rg\u00e3os pelos organistas Ricardo Toste e Ant\u00f3nio Mota. A ENTRADA \u00c9 LIVRE! &nbsp;<\/p>\n","protected":false},"author":1,"featured_media":8862,"comment_status":"open","ping_status":"closed","sticky":false,"template":"","format":"standard","meta":{"ngg_post_thumbnail":0},"categories":[1,4,2,6],"tags":[],"_links":{"self":[{"href":"http:\/\/paroquiagloria.org\/v2\/index.php?rest_route=\/wp\/v2\/posts\/8869"}],"collection":[{"href":"http:\/\/paroquiagloria.org\/v2\/index.php?rest_route=\/wp\/v2\/posts"}],"about":[{"href":"http:\/\/paroquiagloria.org\/v2\/index.php?rest_route=\/wp\/v2\/types\/post"}],"author":[{"embeddable":true,"href":"http:\/\/paroquiagloria.org\/v2\/index.php?rest_route=\/wp\/v2\/users\/1"}],"replies":[{"embeddable":true,"href":"http:\/\/paroquiagloria.org\/v2\/index.php?rest_route=%2Fwp%2Fv2%2Fcomments&post=8869"}],"version-history":[{"count":1,"href":"http:\/\/paroquiagloria.org\/v2\/index.php?rest_route=\/wp\/v2\/posts\/8869\/revisions"}],"predecessor-version":[{"id":8870,"href":"http:\/\/paroquiagloria.org\/v2\/index.php?rest_route=\/wp\/v2\/posts\/8869\/revisions\/8870"}],"wp:featuredmedia":[{"embeddable":true,"href":"http:\/\/paroquiagloria.org\/v2\/index.php?rest_route=\/wp\/v2\/media\/8862"}],"wp:attachment":[{"href":"http:\/\/paroquiagloria.org\/v2\/index.php?rest_route=%2Fwp%2Fv2%2Fmedia&parent=8869"}],"wp:term":[{"taxonomy":"category","embeddable":true,"href":"http:\/\/paroquiagloria.org\/v2\/index.php?rest_route=%2Fwp%2Fv2%2Fcategories&post=8869"},{"taxonomy":"post_tag","embeddable":true,"href":"http:\/\/paroquiagloria.org\/v2\/index.php?rest_route=%2Fwp%2Fv2%2Ftags&post=8869"}],"curies":[{"name":"wp","href":"https:\/\/api.w.org\/{rel}","templated":true}]}}