{"id":8867,"date":"2020-10-03T18:42:58","date_gmt":"2020-10-03T18:42:58","guid":{"rendered":"http:\/\/paroquiagloria.org\/v2\/?p=8867"},"modified":"2020-10-03T18:42:58","modified_gmt":"2020-10-03T18:42:58","slug":"catequese-20202021","status":"publish","type":"post","link":"http:\/\/paroquiagloria.org\/v2\/?p=8867","title":{"rendered":"Catequese 2020\/2021"},"content":{"rendered":"<p><a href=\"http:\/\/paroquiagloria.org\/v2\/wp-content\/uploads\/2013\/02\/inicio-catequesis-color_small.jpg\"><img loading=\"lazy\" class=\"size-full wp-image-8840 aligncenter\" src=\"http:\/\/paroquiagloria.org\/v2\/wp-content\/uploads\/2013\/02\/inicio-catequesis-color_small.jpg\" alt=\"inicio-catequesis-color_small\" width=\"860\" height=\"606\" srcset=\"http:\/\/paroquiagloria.org\/v2\/wp-content\/uploads\/2013\/02\/inicio-catequesis-color_small.jpg 860w, http:\/\/paroquiagloria.org\/v2\/wp-content\/uploads\/2013\/02\/inicio-catequesis-color_small-300x211.jpg 300w\" sizes=\"(max-width: 860px) 100vw, 860px\" \/><\/a><\/p>\n<p>&nbsp;<\/p>\n<h3>Inscri\u00e7\u00f5es para a Catequese<\/h3>\n<p>Depois das inscri\u00e7\u00f5es provis\u00f3rias, para sabermos o n\u00famero de catequizandos para este ano, iniciamos agora a fase das inscri\u00e7\u00f5es definitivas, que ser\u00e3o feitas a partir da pr\u00f3xima ter\u00e7a-feira (dia 6 de outubro) at\u00e9 ao dia 17 de outubro na secretaria, com o pagamento da mesma inscri\u00e7\u00e3o.<br \/>\nCom a certeza de que n\u00e3o podemos ficar parados, conforme j\u00e1 tinha sido informado anteriormente, retomamos tamb\u00e9m a nossa catequese. H\u00e1 algumas medidas que, apesar de j\u00e1 conhecidas por todos, s\u00e3o necess\u00e1rias recordar:<br \/>\n\u2022 Uso de m\u00e1scara dentro do Centro Paroquial (a partir do 5\u00ba ano);<br \/>\n\u2022 Desinfe\u00e7\u00e3o das m\u00e3os \u00e0 entrada;<br \/>\n\u2022 Medi\u00e7\u00e3o da temperatura (sem registo da mesma);<br \/>\n\u2022 Cada catequizando dever\u00e1 trazer os materiais necess\u00e1rios para a catequese (catecismo, l\u00e1pis, caneta, etc);<\/p>\n<p>&nbsp;<\/p>\n<p>&nbsp;<\/p>\n<h3>Hor\u00e1rios da catequese (sujeitos a altera\u00e7\u00f5es)<\/h3>\n<p style=\"padding-left: 60px;\">\n1\u00ba ano- Segunda e Quarta-feira &#8211; 16.30h<br \/>\n2\u00ba ano- Segunda e Quinta-feira &#8211; 16.30h<br \/>\n3\u00ba ano- Ter\u00e7a e Quinta-feira &#8211; 16.30h<br \/>\n4\u00ba ano- Ter\u00e7a e Quarta-feira &#8211; 16.30h<br \/>\n5\u00ba ano- Segunda e Quarta-feira &#8211; 18.30h<br \/>\n6\u00ba ano- Segunda e Quarta-feira &#8211; 18.30h<br \/>\n7\u00ba ano- Segunda e Ter\u00e7a-feira &#8211; 18.30h<br \/>\n8\u00ba ano- Ter\u00e7a-feira &#8211; 18.30h<br \/>\n9\u00ba ano- Sexta-feira &#8211; 18.30h<br \/>\n10\u00ba ano- Quinta-feira &#8211; 18.30h<br \/>\n11\u00ba ano- Quinta-feira &#8211; 18.30h<\/p>\n","protected":false},"excerpt":{"rendered":"<p>&nbsp; Inscri\u00e7\u00f5es para a Catequese Depois das inscri\u00e7\u00f5es provis\u00f3rias, para sabermos o n\u00famero de catequizandos para este ano, iniciamos agora a fase das inscri\u00e7\u00f5es definitivas, que ser\u00e3o feitas a partir da pr\u00f3xima ter\u00e7a-feira (dia 6 de outubro) at\u00e9 ao dia 17 de outubro na secretaria, com o pagamento da mesma inscri\u00e7\u00e3o. Com a certeza de [&hellip;]<\/p>\n","protected":false},"author":1,"featured_media":8841,"comment_status":"open","ping_status":"closed","sticky":false,"template":"","format":"standard","meta":{"ngg_post_thumbnail":0},"categories":[1,4,2,6,23],"tags":[],"_links":{"self":[{"href":"http:\/\/paroquiagloria.org\/v2\/index.php?rest_route=\/wp\/v2\/posts\/8867"}],"collection":[{"href":"http:\/\/paroquiagloria.org\/v2\/index.php?rest_route=\/wp\/v2\/posts"}],"about":[{"href":"http:\/\/paroquiagloria.org\/v2\/index.php?rest_route=\/wp\/v2\/types\/post"}],"author":[{"embeddable":true,"href":"http:\/\/paroquiagloria.org\/v2\/index.php?rest_route=\/wp\/v2\/users\/1"}],"replies":[{"embeddable":true,"href":"http:\/\/paroquiagloria.org\/v2\/index.php?rest_route=%2Fwp%2Fv2%2Fcomments&post=8867"}],"version-history":[{"count":1,"href":"http:\/\/paroquiagloria.org\/v2\/index.php?rest_route=\/wp\/v2\/posts\/8867\/revisions"}],"predecessor-version":[{"id":8868,"href":"http:\/\/paroquiagloria.org\/v2\/index.php?rest_route=\/wp\/v2\/posts\/8867\/revisions\/8868"}],"wp:featuredmedia":[{"embeddable":true,"href":"http:\/\/paroquiagloria.org\/v2\/index.php?rest_route=\/wp\/v2\/media\/8841"}],"wp:attachment":[{"href":"http:\/\/paroquiagloria.org\/v2\/index.php?rest_route=%2Fwp%2Fv2%2Fmedia&parent=8867"}],"wp:term":[{"taxonomy":"category","embeddable":true,"href":"http:\/\/paroquiagloria.org\/v2\/index.php?rest_route=%2Fwp%2Fv2%2Fcategories&post=8867"},{"taxonomy":"post_tag","embeddable":true,"href":"http:\/\/paroquiagloria.org\/v2\/index.php?rest_route=%2Fwp%2Fv2%2Ftags&post=8867"}],"curies":[{"name":"wp","href":"https:\/\/api.w.org\/{rel}","templated":true}]}}