{"id":8854,"date":"2020-09-26T18:52:26","date_gmt":"2020-09-26T18:52:26","guid":{"rendered":"http:\/\/paroquiagloria.org\/v2\/?p=8854"},"modified":"2020-09-26T18:52:26","modified_gmt":"2020-09-26T18:52:26","slug":"recomecar-a-partir-de-cristo","status":"publish","type":"post","link":"http:\/\/paroquiagloria.org\/v2\/?p=8854","title":{"rendered":"&#8220;Recome\u00e7ar a partir de Cristo&#8221;"},"content":{"rendered":"<p><a href=\"http:\/\/paroquiagloria.org\/v2\/wp-content\/uploads\/2013\/02\/inicio-catequesis-color_small.jpg\"><img loading=\"lazy\" class=\"size-full wp-image-8840 aligncenter\" src=\"http:\/\/paroquiagloria.org\/v2\/wp-content\/uploads\/2013\/02\/inicio-catequesis-color_small.jpg\" alt=\"inicio-catequesis-color_small\" width=\"860\" height=\"606\" srcset=\"http:\/\/paroquiagloria.org\/v2\/wp-content\/uploads\/2013\/02\/inicio-catequesis-color_small.jpg 860w, http:\/\/paroquiagloria.org\/v2\/wp-content\/uploads\/2013\/02\/inicio-catequesis-color_small-300x211.jpg 300w\" sizes=\"(max-width: 860px) 100vw, 860px\" \/><\/a><\/p>\n<p>&nbsp;<\/p>\n<p style=\"text-align: justify;\">\u00c9 lema que tamb\u00e9m queremos fazer nosso neste ano pastoral.<br \/>\n&#8211;\u00a0De recome\u00e7ar todos estamos conscientes de que s\u00e3o horas, mas, para muitos, parece ser tempo de continuar simplesmente a fazer o que se fazia. E isto \u00e9 o que Deus n\u00e3o pede.<br \/>\n&#8211;\u00a0Imp\u00f5e-se um olhar sereno e objectivo sobre a realidade e procurarmos juntos formas capazes de aproxima\u00e7\u00e3o do ideal de comunidade que nos deixaram os primeiros crist\u00e3os, em Jerusal\u00e9m. H\u00e1-de ser este, sempre, em todas as circunst\u00e2ncias, o horizonte inspirador para o nosso agir pastoral.<br \/>\n&#8211;\u00a0N\u00e3o sabemos os planos de Deus sobre o nosso futuro pessoal e colectivo, mas sabemos que o Esp\u00edrito Santo, que Jesus prometeu \u00e0 Sua Igreja, n\u00e3o faltar\u00e1, para continuarmos a construir o Seu Reino, hoje e aqui.<br \/>\n&#8211;\u00a0No in\u00edcio deste ano, e mais que nunca, \u00e9 preciso ter presentes as palavras de Jesus aos Seus discipulos: &#8220;Tende coragem e n\u00e3o tenhais medo&#8221;, porque &#8220;n\u00e3o fostes v\u00f3s que me escolhestes, mas fui Eu que vos escolhi, para que vades e deis fruto&#8221;.<\/p>\n<p>Na pr\u00f3xima quarta-feira, \u00e0s 21h30, com m\u00e1scara e guardadas as devidas dist\u00e2ncias, h\u00e1 reuni\u00e3o para todos os Catequistas da Adolesc\u00eancia e Juventude, no Centro Paroquial, e o mesmo vai acontecer para a Inf\u00e2ncia, \u00e0s 15h30 do mesmo dia.<br \/>\nEnt\u00e3o, m\u00e3os \u00e0 obra, que se faz tarde. Deus conta contigo e comigo.<\/p>\n<p style=\"text-align: right;\">P. Fausto<\/p>\n","protected":false},"excerpt":{"rendered":"<p>&nbsp; \u00c9 lema que tamb\u00e9m queremos fazer nosso neste ano pastoral. &#8211;\u00a0De recome\u00e7ar todos estamos conscientes de que s\u00e3o horas, mas, para muitos, parece ser tempo de continuar simplesmente a fazer o que se fazia. E isto \u00e9 o que Deus n\u00e3o pede. &#8211;\u00a0Imp\u00f5e-se um olhar sereno e objectivo sobre a realidade e procurarmos juntos [&hellip;]<\/p>\n","protected":false},"author":1,"featured_media":8841,"comment_status":"open","ping_status":"closed","sticky":false,"template":"","format":"standard","meta":{"ngg_post_thumbnail":0},"categories":[1,4,2,6,23],"tags":[],"_links":{"self":[{"href":"http:\/\/paroquiagloria.org\/v2\/index.php?rest_route=\/wp\/v2\/posts\/8854"}],"collection":[{"href":"http:\/\/paroquiagloria.org\/v2\/index.php?rest_route=\/wp\/v2\/posts"}],"about":[{"href":"http:\/\/paroquiagloria.org\/v2\/index.php?rest_route=\/wp\/v2\/types\/post"}],"author":[{"embeddable":true,"href":"http:\/\/paroquiagloria.org\/v2\/index.php?rest_route=\/wp\/v2\/users\/1"}],"replies":[{"embeddable":true,"href":"http:\/\/paroquiagloria.org\/v2\/index.php?rest_route=%2Fwp%2Fv2%2Fcomments&post=8854"}],"version-history":[{"count":1,"href":"http:\/\/paroquiagloria.org\/v2\/index.php?rest_route=\/wp\/v2\/posts\/8854\/revisions"}],"predecessor-version":[{"id":8855,"href":"http:\/\/paroquiagloria.org\/v2\/index.php?rest_route=\/wp\/v2\/posts\/8854\/revisions\/8855"}],"wp:featuredmedia":[{"embeddable":true,"href":"http:\/\/paroquiagloria.org\/v2\/index.php?rest_route=\/wp\/v2\/media\/8841"}],"wp:attachment":[{"href":"http:\/\/paroquiagloria.org\/v2\/index.php?rest_route=%2Fwp%2Fv2%2Fmedia&parent=8854"}],"wp:term":[{"taxonomy":"category","embeddable":true,"href":"http:\/\/paroquiagloria.org\/v2\/index.php?rest_route=%2Fwp%2Fv2%2Fcategories&post=8854"},{"taxonomy":"post_tag","embeddable":true,"href":"http:\/\/paroquiagloria.org\/v2\/index.php?rest_route=%2Fwp%2Fv2%2Ftags&post=8854"}],"curies":[{"name":"wp","href":"https:\/\/api.w.org\/{rel}","templated":true}]}}