{"id":8848,"date":"2020-09-26T18:47:46","date_gmt":"2020-09-26T18:47:46","guid":{"rendered":"http:\/\/paroquiagloria.org\/v2\/?p=8848"},"modified":"2020-09-26T18:47:46","modified_gmt":"2020-09-26T18:47:46","slug":"dia-mundial-do-migrante-e-do-refugiado-2","status":"publish","type":"post","link":"http:\/\/paroquiagloria.org\/v2\/?p=8848","title":{"rendered":"Dia Mundial do Migrante e do Refugiado"},"content":{"rendered":"<h1>27 de setembro 2020<\/h1>\n<p>&nbsp;<\/p>\n<p><a href=\"http:\/\/paroquiagloria.org\/v2\/wp-content\/uploads\/2013\/02\/refugiados2020.jpg\"><img loading=\"lazy\" class=\"size-full wp-image-8845 aligncenter\" src=\"http:\/\/paroquiagloria.org\/v2\/wp-content\/uploads\/2013\/02\/refugiados2020.jpg\" alt=\"refugiados2020\" width=\"679\" height=\"768\" srcset=\"http:\/\/paroquiagloria.org\/v2\/wp-content\/uploads\/2013\/02\/refugiados2020.jpg 679w, http:\/\/paroquiagloria.org\/v2\/wp-content\/uploads\/2013\/02\/refugiados2020-265x300.jpg 265w\" sizes=\"(max-width: 679px) 100vw, 679px\" \/><\/a><\/p>\n<p>&nbsp;<\/p>\n<p>&#8220;For\u00e7ados como Jesus Cristo, a fugir. Acolher, proteger, promover e integrar os deslocados internos.&#8221;<br \/>\nNa Mensagem para este dia, o Papa Francisco prop\u00f5e um olhar para o drama dos refugiados dentro da na\u00e7\u00e3o que &#8220;a crise mundial causada pela pandemia da Covid-19 agravou (\u2026) todos aqueles que atravessaram e ainda vivem experi\u00eancias de precaridade, abandono, marginaliza\u00e7\u00e3o e rejei\u00e7\u00e3o por causa do v\u00edrus Covid-19.&#8221;<br \/>\n&#8220;Com frequ\u00eancia nos surgem not\u00edcias de refugiados que fogem da fome, da guerra e de outros perigos graves, em busca de seguran\u00e7a e duma vida digna para si e para as suas fam\u00edlias, em cada um deles est\u00e1 presente Jesus, for\u00e7ado &#8211; como no tempo de Herodes- a fugir para se salvar.&#8221;<\/p>\n","protected":false},"excerpt":{"rendered":"<p>27 de setembro 2020 &nbsp; &nbsp; &#8220;For\u00e7ados como Jesus Cristo, a fugir. Acolher, proteger, promover e integrar os deslocados internos.&#8221; Na Mensagem para este dia, o Papa Francisco prop\u00f5e um olhar para o drama dos refugiados dentro da na\u00e7\u00e3o que &#8220;a crise mundial causada pela pandemia da Covid-19 agravou (\u2026) todos aqueles que atravessaram e [&hellip;]<\/p>\n","protected":false},"author":1,"featured_media":8842,"comment_status":"open","ping_status":"closed","sticky":false,"template":"","format":"standard","meta":{"ngg_post_thumbnail":0},"categories":[1,4,2,6,23],"tags":[],"_links":{"self":[{"href":"http:\/\/paroquiagloria.org\/v2\/index.php?rest_route=\/wp\/v2\/posts\/8848"}],"collection":[{"href":"http:\/\/paroquiagloria.org\/v2\/index.php?rest_route=\/wp\/v2\/posts"}],"about":[{"href":"http:\/\/paroquiagloria.org\/v2\/index.php?rest_route=\/wp\/v2\/types\/post"}],"author":[{"embeddable":true,"href":"http:\/\/paroquiagloria.org\/v2\/index.php?rest_route=\/wp\/v2\/users\/1"}],"replies":[{"embeddable":true,"href":"http:\/\/paroquiagloria.org\/v2\/index.php?rest_route=%2Fwp%2Fv2%2Fcomments&post=8848"}],"version-history":[{"count":1,"href":"http:\/\/paroquiagloria.org\/v2\/index.php?rest_route=\/wp\/v2\/posts\/8848\/revisions"}],"predecessor-version":[{"id":8849,"href":"http:\/\/paroquiagloria.org\/v2\/index.php?rest_route=\/wp\/v2\/posts\/8848\/revisions\/8849"}],"wp:featuredmedia":[{"embeddable":true,"href":"http:\/\/paroquiagloria.org\/v2\/index.php?rest_route=\/wp\/v2\/media\/8842"}],"wp:attachment":[{"href":"http:\/\/paroquiagloria.org\/v2\/index.php?rest_route=%2Fwp%2Fv2%2Fmedia&parent=8848"}],"wp:term":[{"taxonomy":"category","embeddable":true,"href":"http:\/\/paroquiagloria.org\/v2\/index.php?rest_route=%2Fwp%2Fv2%2Fcategories&post=8848"},{"taxonomy":"post_tag","embeddable":true,"href":"http:\/\/paroquiagloria.org\/v2\/index.php?rest_route=%2Fwp%2Fv2%2Ftags&post=8848"}],"curies":[{"name":"wp","href":"https:\/\/api.w.org\/{rel}","templated":true}]}}