{"id":8834,"date":"2020-09-20T11:03:36","date_gmt":"2020-09-20T11:03:36","guid":{"rendered":"http:\/\/paroquiagloria.org\/v2\/?p=8834"},"modified":"2020-09-20T11:03:36","modified_gmt":"2020-09-20T11:03:36","slug":"quem-arrisca","status":"publish","type":"post","link":"http:\/\/paroquiagloria.org\/v2\/?p=8834","title":{"rendered":"Quem arrisca?"},"content":{"rendered":"<p>&nbsp;<\/p>\n<p>&nbsp;<\/p>\n<p><a href=\"http:\/\/paroquiagloria.org\/v2\/wp-content\/uploads\/2020\/06\/SeAv_PosPademia.jpg\"><img loading=\"lazy\" class=\"alignnone size-full wp-image-8684\" src=\"http:\/\/paroquiagloria.org\/v2\/wp-content\/uploads\/2020\/06\/SeAv_PosPademia.jpg\" alt=\"SeAv_PosPademia\" width=\"960\" height=\"230\" srcset=\"http:\/\/paroquiagloria.org\/v2\/wp-content\/uploads\/2020\/06\/SeAv_PosPademia.jpg 960w, http:\/\/paroquiagloria.org\/v2\/wp-content\/uploads\/2020\/06\/SeAv_PosPademia-300x72.jpg 300w\" sizes=\"(max-width: 960px) 100vw, 960px\" \/><\/a><\/p>\n<p>&nbsp;<\/p>\n<p style=\"text-align: justify;\">H\u00e1 muito tempo que estamos &#8220;confinados&#8221;. \u00c9 tempo de recome\u00e7ar. Sempre com os devidos cuidados, mas tamb\u00e9m com ousadia e criatividade.<br \/>\nPodemos n\u00e3o saber claramente o caminho a percorrer, porque vivemos num tempo de muitas incertezas, mas n\u00e3o podemos baixar os bra\u00e7os e deixar que o medo nos bloqueie.<br \/>\nH\u00e1 muitos que ainda n\u00e3o venceram o receio de entrar na nossa Igreja, contentando-se com os meios de comunica\u00e7\u00e3o social e com a Missa, a partir do sof\u00e1. \u00c9, assim, tempo de p\u00f4r a Eucaristia, tanto quanto poss\u00edvel presencial, no centro da vida crist\u00e3. De todos. Adultos, jovens e crian\u00e7as.<br \/>\n\u00c9 tempo de relan\u00e7ar a Catequese, com metodologias e conte\u00fados adequados, mas, sobretudo, atentos \u00e0 forma\u00e7\u00e3o dos agentes cujo testemunho \u00e9 fundamental na evangeliza\u00e7\u00e3o e educa\u00e7\u00e3o da f\u00e9.<br \/>\n\u00c9 tempo para nos assumirmos mais significativamente como &#8220;Igreja samaritana&#8221;, apesar de todos os constrangimentos a que a epidemia nos obrigou.<br \/>\nA Covid-19 imp\u00f4s-nos mudan\u00e7as que alteraram num espa\u00e7o de meses comportamentos habituais, mas tamb\u00e9m trouxe desafios a que n\u00e3o podemos deixar de responder, sob pena de nos tornarmos insignificantes na transmiss\u00e3o, aprofundamento, celebra\u00e7\u00e3o e viv\u00eancia da f\u00e9.<br \/>\nH\u00e1 muito a fazer na nossa comunidade. Haja m\u00e3os para trabalhar.<\/p>\n<p style=\"text-align: right;\">P. Fausto<\/p>\n<p style=\"text-align: right;\"><a href=\"http:\/\/paroquiagloria.org\/v2\/wp-content\/uploads\/2020\/09\/prevencaocovid.jpg\"><img loading=\"lazy\" class=\"size-full wp-image-8835 aligncenter\" src=\"http:\/\/paroquiagloria.org\/v2\/wp-content\/uploads\/2020\/09\/prevencaocovid.jpg\" alt=\"prevencaocovid\" width=\"450\" height=\"419\" srcset=\"http:\/\/paroquiagloria.org\/v2\/wp-content\/uploads\/2020\/09\/prevencaocovid.jpg 450w, http:\/\/paroquiagloria.org\/v2\/wp-content\/uploads\/2020\/09\/prevencaocovid-300x279.jpg 300w\" sizes=\"(max-width: 450px) 100vw, 450px\" \/><\/a><\/p>\n<p style=\"text-align: right;\">\n<p style=\"text-align: right;\"><a href=\"http:\/\/paroquiagloria.org\/v2\/wp-content\/uploads\/2020\/09\/dragon-color-texto.jpg\"><img loading=\"lazy\" class=\"size-large wp-image-8836 aligncenter\" src=\"http:\/\/paroquiagloria.org\/v2\/wp-content\/uploads\/2020\/09\/dragon-color-texto-1024x723.jpg\" alt=\"dragon-color-texto\" width=\"1024\" height=\"723\" srcset=\"http:\/\/paroquiagloria.org\/v2\/wp-content\/uploads\/2020\/09\/dragon-color-texto-1024x723.jpg 1024w, http:\/\/paroquiagloria.org\/v2\/wp-content\/uploads\/2020\/09\/dragon-color-texto-300x212.jpg 300w, http:\/\/paroquiagloria.org\/v2\/wp-content\/uploads\/2020\/09\/dragon-color-texto.jpg 1323w\" sizes=\"(max-width: 1024px) 100vw, 1024px\" \/><\/a><\/p>\n","protected":false},"excerpt":{"rendered":"<p>&nbsp; &nbsp; &nbsp; H\u00e1 muito tempo que estamos &#8220;confinados&#8221;. \u00c9 tempo de recome\u00e7ar. Sempre com os devidos cuidados, mas tamb\u00e9m com ousadia e criatividade. Podemos n\u00e3o saber claramente o caminho a percorrer, porque vivemos num tempo de muitas incertezas, mas n\u00e3o podemos baixar os bra\u00e7os e deixar que o medo nos bloqueie. H\u00e1 muitos que [&hellip;]<\/p>\n","protected":false},"author":1,"featured_media":8737,"comment_status":"open","ping_status":"closed","sticky":false,"template":"","format":"standard","meta":{"ngg_post_thumbnail":0},"categories":[1,4,2,6,23],"tags":[],"_links":{"self":[{"href":"http:\/\/paroquiagloria.org\/v2\/index.php?rest_route=\/wp\/v2\/posts\/8834"}],"collection":[{"href":"http:\/\/paroquiagloria.org\/v2\/index.php?rest_route=\/wp\/v2\/posts"}],"about":[{"href":"http:\/\/paroquiagloria.org\/v2\/index.php?rest_route=\/wp\/v2\/types\/post"}],"author":[{"embeddable":true,"href":"http:\/\/paroquiagloria.org\/v2\/index.php?rest_route=\/wp\/v2\/users\/1"}],"replies":[{"embeddable":true,"href":"http:\/\/paroquiagloria.org\/v2\/index.php?rest_route=%2Fwp%2Fv2%2Fcomments&post=8834"}],"version-history":[{"count":1,"href":"http:\/\/paroquiagloria.org\/v2\/index.php?rest_route=\/wp\/v2\/posts\/8834\/revisions"}],"predecessor-version":[{"id":8837,"href":"http:\/\/paroquiagloria.org\/v2\/index.php?rest_route=\/wp\/v2\/posts\/8834\/revisions\/8837"}],"wp:featuredmedia":[{"embeddable":true,"href":"http:\/\/paroquiagloria.org\/v2\/index.php?rest_route=\/wp\/v2\/media\/8737"}],"wp:attachment":[{"href":"http:\/\/paroquiagloria.org\/v2\/index.php?rest_route=%2Fwp%2Fv2%2Fmedia&parent=8834"}],"wp:term":[{"taxonomy":"category","embeddable":true,"href":"http:\/\/paroquiagloria.org\/v2\/index.php?rest_route=%2Fwp%2Fv2%2Fcategories&post=8834"},{"taxonomy":"post_tag","embeddable":true,"href":"http:\/\/paroquiagloria.org\/v2\/index.php?rest_route=%2Fwp%2Fv2%2Ftags&post=8834"}],"curies":[{"name":"wp","href":"https:\/\/api.w.org\/{rel}","templated":true}]}}