{"id":8826,"date":"2020-09-20T10:52:30","date_gmt":"2020-09-20T10:52:30","guid":{"rendered":"http:\/\/paroquiagloria.org\/v2\/?p=8826"},"modified":"2020-09-20T10:52:30","modified_gmt":"2020-09-20T10:52:30","slug":"uma-familia-uma-missao","status":"publish","type":"post","link":"http:\/\/paroquiagloria.org\/v2\/?p=8826","title":{"rendered":"Uma Fam\u00edlia&#8230; uma Miss\u00e3o!"},"content":{"rendered":"<p><a href=\"http:\/\/paroquiagloria.org\/v2\/wp-content\/uploads\/2013\/02\/cropped-LOGO-ANO-PASTORAL-SDAM.png\"><img loading=\"lazy\" class=\"size-full wp-image-8823 aligncenter\" src=\"http:\/\/paroquiagloria.org\/v2\/wp-content\/uploads\/2013\/02\/cropped-LOGO-ANO-PASTORAL-SDAM.png\" alt=\"cropped-LOGO-ANO-PASTORAL-SDAM\" width=\"646\" height=\"215\" srcset=\"http:\/\/paroquiagloria.org\/v2\/wp-content\/uploads\/2013\/02\/cropped-LOGO-ANO-PASTORAL-SDAM.png 646w, http:\/\/paroquiagloria.org\/v2\/wp-content\/uploads\/2013\/02\/cropped-LOGO-ANO-PASTORAL-SDAM-300x100.png 300w\" sizes=\"(max-width: 646px) 100vw, 646px\" \/><\/a><\/p>\n<p>&nbsp;<\/p>\n<p>O SDAM \u2013 Servi\u00e7o Diocesano de Anima\u00e7\u00e3o Mission\u00e1ria de Aveiro em articula\u00e7\u00e3o com as OMP \u2013 Obras Mission\u00e1rias Pontif\u00edcias de Portugal, d\u00e1 a conhecer algumas propostas para que em todas as par\u00f3quias da nossa Diocese se viva com intensidade e alegria mission\u00e1ria o m\u00eas de outubro \u2013 m\u00eas mission\u00e1rio, e consequentemente todo o ano pastoral, descobrindo tamb\u00e9m o sentido mission\u00e1rio da vida familiar em articula\u00e7\u00e3o com o plano de Pastoral da nossa Diocese.<br \/>\n\u2013 Ano mission\u00e1rio 2020\/2021 \u201cEis-me aqui, envia-me!\u201d com interpela\u00e7\u00f5es, testemunhos, reflex\u00f5es, ora\u00e7\u00f5es, celebra\u00e7\u00f5es que poder\u00e3o ser usados em diversos momentos e com diferentes grupos paroquiais, arciprestais e diocesanos;<br \/>\n\u2013 Dia Mundial das Miss\u00f5es que se celebra a 18 de outubro;<br \/>\n\u2013 Inf\u00e2ncia Mission\u00e1ria 2020\/2021;<br \/>\nDurante o m\u00eas de outubro e ao longo de todo o ano pastoral estar\u00e3o dispon\u00edveis para encontros de anima\u00e7\u00e3o e sensibiliza\u00e7\u00e3o mission\u00e1ria nas par\u00f3quias e nos grupos, pelo que podem contact\u00e1-los atrav\u00e9s do e-mail animacao.sdam@diocese-aveiro.pt.<\/p>\n<p>&nbsp;<\/p>\n<p>MAIS INFORMA\u00c7\u00d5ES EM:<\/p>\n<ul>\n<li>http:\/\/www.diocese-aveiro.pt\/v2\/?p=19691<\/li>\n<li>http:\/\/www.diocese-aveiro.pt\/sdam\/<\/li>\n<\/ul>\n","protected":false},"excerpt":{"rendered":"<p>&nbsp; O SDAM \u2013 Servi\u00e7o Diocesano de Anima\u00e7\u00e3o Mission\u00e1ria de Aveiro em articula\u00e7\u00e3o com as OMP \u2013 Obras Mission\u00e1rias Pontif\u00edcias de Portugal, d\u00e1 a conhecer algumas propostas para que em todas as par\u00f3quias da nossa Diocese se viva com intensidade e alegria mission\u00e1ria o m\u00eas de outubro \u2013 m\u00eas mission\u00e1rio, e consequentemente todo o ano [&hellip;]<\/p>\n","protected":false},"author":1,"featured_media":8829,"comment_status":"open","ping_status":"closed","sticky":false,"template":"","format":"standard","meta":{"ngg_post_thumbnail":0},"categories":[1,4,2,6,23],"tags":[],"_links":{"self":[{"href":"http:\/\/paroquiagloria.org\/v2\/index.php?rest_route=\/wp\/v2\/posts\/8826"}],"collection":[{"href":"http:\/\/paroquiagloria.org\/v2\/index.php?rest_route=\/wp\/v2\/posts"}],"about":[{"href":"http:\/\/paroquiagloria.org\/v2\/index.php?rest_route=\/wp\/v2\/types\/post"}],"author":[{"embeddable":true,"href":"http:\/\/paroquiagloria.org\/v2\/index.php?rest_route=\/wp\/v2\/users\/1"}],"replies":[{"embeddable":true,"href":"http:\/\/paroquiagloria.org\/v2\/index.php?rest_route=%2Fwp%2Fv2%2Fcomments&post=8826"}],"version-history":[{"count":1,"href":"http:\/\/paroquiagloria.org\/v2\/index.php?rest_route=\/wp\/v2\/posts\/8826\/revisions"}],"predecessor-version":[{"id":8831,"href":"http:\/\/paroquiagloria.org\/v2\/index.php?rest_route=\/wp\/v2\/posts\/8826\/revisions\/8831"}],"wp:featuredmedia":[{"embeddable":true,"href":"http:\/\/paroquiagloria.org\/v2\/index.php?rest_route=\/wp\/v2\/media\/8829"}],"wp:attachment":[{"href":"http:\/\/paroquiagloria.org\/v2\/index.php?rest_route=%2Fwp%2Fv2%2Fmedia&parent=8826"}],"wp:term":[{"taxonomy":"category","embeddable":true,"href":"http:\/\/paroquiagloria.org\/v2\/index.php?rest_route=%2Fwp%2Fv2%2Fcategories&post=8826"},{"taxonomy":"post_tag","embeddable":true,"href":"http:\/\/paroquiagloria.org\/v2\/index.php?rest_route=%2Fwp%2Fv2%2Ftags&post=8826"}],"curies":[{"name":"wp","href":"https:\/\/api.w.org\/{rel}","templated":true}]}}