{"id":8815,"date":"2020-08-20T12:07:41","date_gmt":"2020-08-20T12:07:41","guid":{"rendered":"http:\/\/paroquiagloria.org\/v2\/?p=8815"},"modified":"2020-08-20T12:07:41","modified_gmt":"2020-08-20T12:07:41","slug":"pe-jose-manuel-marques-pereira","status":"publish","type":"post","link":"http:\/\/paroquiagloria.org\/v2\/?p=8815","title":{"rendered":"Pe. Jos\u00e9 Manuel Marques Pereira"},"content":{"rendered":"<p>O Sr. Pe Jos\u00e9 Manuel foi vig\u00e1rio na nossa par\u00f3quia durante muitos anos.<br \/>\nDemos gra\u00e7as a Deus pelo dom que a sua vida foi para todos n\u00f3s e pe\u00e7amos ao Pai que o acolha na Sua infinita miseric\u00f3rdia.<\/p>\n<p>Que descanse em paz.<\/p>\n<p>&nbsp;<\/p>\n<p><a href=\"http:\/\/paroquiagloria.org\/v2\/wp-content\/uploads\/2020\/08\/banner_Pe.-JoseManuel-01.jpg\"><img loading=\"lazy\" class=\"alignnone size-full wp-image-8816\" src=\"http:\/\/paroquiagloria.org\/v2\/wp-content\/uploads\/2020\/08\/banner_Pe.-JoseManuel-01.jpg\" alt=\"banner_Pe.-JoseManuel-01\" width=\"960\" height=\"449\" srcset=\"http:\/\/paroquiagloria.org\/v2\/wp-content\/uploads\/2020\/08\/banner_Pe.-JoseManuel-01.jpg 960w, http:\/\/paroquiagloria.org\/v2\/wp-content\/uploads\/2020\/08\/banner_Pe.-JoseManuel-01-300x140.jpg 300w\" sizes=\"(max-width: 960px) 100vw, 960px\" \/><\/a><\/p>\n<p style=\"font-weight: 400;\">Faleceu esta ter\u00e7a-feira, 18 de agosto, na Unidade de Cuidados Paliativos de Salreu o Pe. Jos\u00e9 Manuel aos 74 anos.<\/p>\n<p style=\"font-weight: 400;\">Nascido em Bedu\u00eddo, Estarreja, a 30 de junho de 1946, entrou para o Semin\u00e1rio de Santa Joana em 1957 onde se manteve at\u00e9 1967. De 1967 a 1968 frequentou o Semin\u00e1rio dos Olivais em Lisboa; de 1968 a 1969 o Instituo Superior de Estudos Eclesi\u00e1sticos e entre os anos 1975 e 1981 o Instituo de Ci\u00eancias Humanas e Teol\u00f3gicas no Porto.<\/p>\n<p style=\"font-weight: 400;\">O Pe. Jos\u00e9 Manuel foi ordenado presb\u00edtero por D. Manuel de Almeida Trindade a 18 de julho de 1982 na igreja paroquial de Bedu\u00eddo \u2013 Estarreja.<\/p>\n<p style=\"font-weight: 400;\"><strong>Ex\u00e9quias:<\/strong><\/p>\n<p style=\"font-weight: 400;\"><strong>Esta quinta-feira D. Ant\u00f3nio Moiteiro celebra missa de corpo presente pelas 14h30 em Fermentelos.\u00a0Pelas 17h00 ter\u00e1 lugar missa em Bedu\u00eddo, terra natal do Pe. Jos\u00e9 Manuel, onde ir\u00e1 depois a sepultar.<\/strong><\/p>\n<p style=\"font-weight: 400;\">\n<p style=\"font-weight: 400;\">Servi\u00e7os que o Pe. Jos\u00e9 Manuel desempenhou:<\/p>\n<p style=\"font-weight: 400;\">\u2013\/10\/1980 \u2013 Membro da equipa sacerdotal (dire\u00e7\u00e3o) do Semin\u00e1rio de Santa Joana, Aveiro<\/p>\n<p style=\"font-weight: 400;\"><span style=\"color: #0000ff;\">14\/10\/1983 \u2013 Coadjutor da Gl\u00f3ria; Professor de Religi\u00e3o e Moral, Respons\u00e1vel do Secretariado do Ensino Religiosos nas Escolas<\/span><\/p>\n<p style=\"font-weight: 400;\"><span style=\"color: #0000ff;\">28\/07\/1989 \u2013 Continuando Vig\u00e1rio Paroquial da Gl\u00f3ria, indicado para estudar Teologia Sistem\u00e1tica na Universidade Cat\u00f3lica Portuguesa<\/span><\/p>\n<p style=\"font-weight: 400;\"><span style=\"color: #0000ff;\">13\/09\/1991 \u2013 Continuando Vig\u00e1rio da Gl\u00f3ria, nomeado para o Secretariado Diocesano da Pastoral Lit\u00fargica<\/span><\/p>\n<p style=\"font-weight: 400;\"><span style=\"color: #0000ff;\">25\/08\/1992 \u2013 Tamb\u00e9m diretor-adjunto do Instituto Superior de Ci\u00eancias Religiosas de Aveiro<\/span><\/p>\n<p style=\"font-weight: 400;\"><span style=\"color: #0000ff;\">05\/01\/1995 \u2013 Defende tese de mestrado em teologia sistem\u00e1tica<\/span><\/p>\n<p style=\"font-weight: 400;\"><span style=\"color: #0000ff;\">06\/06\/1996 \u2013 Tamb\u00e9m arcipreste de Aveiro<\/span><\/p>\n<p style=\"font-weight: 400;\"><span style=\"color: #0000ff;\">02\/09\/1996 \u2013 P\u00e1roco de Eirol<\/span><\/p>\n<p style=\"font-weight: 400;\"><span style=\"color: #0000ff;\">10\/08\/1999 \u2013 Desligado da dire\u00e7\u00e3o do ISCRA<\/span><\/p>\n<p style=\"font-weight: 400;\"><span style=\"color: #0000ff;\">01\/08\/2001 \u2013 Diretor do Secretariado da Pastoral Familiar, continuando Vig\u00e1rio Paroquial da Gl\u00f3ria e diretor do Secretariado da Pastoral Lit\u00fargica<\/span><\/p>\n<p style=\"font-weight: 400;\"><span style=\"color: #0000ff;\">16\/07\/2003 \u2013 Tamb\u00e9m professor do Instituto Superior de Estudos Teol\u00f3gicos (Coimbra)<\/span><\/p>\n<p style=\"font-weight: 400;\"><span style=\"color: #0000ff;\">15\/09\/2004 \u2013 Tamb\u00e9m administrador paroquial de Requeixo<\/span><\/p>\n<p style=\"font-weight: 400;\">26\/08\/2005 \u2013 P\u00e1roco de Requeixo e Vig\u00e1rio Paroquial de S. Bernardo, acumulando o cargo de diretor do secretariado diocesano da pastoral lit\u00fargica<\/p>\n<p style=\"font-weight: 400;\">19\/03\/2007 \u2013 Nomeado para Delegado ao Congresso Eucar\u00edstico Internacional \u2013 Canad\u00e1 2008<\/p>\n<p style=\"font-weight: 400;\">25\/07\/2011 \u2013 Tamb\u00e9m p\u00e1roco de Nossa Senhora de F\u00e1tima e diretor do Apostolado de Ora\u00e7\u00e3o<\/p>\n<p style=\"font-weight: 400;\">25\/07\/2013 \u2013 Tamb\u00e9m p\u00e1roco de Nariz<\/p>\n<p style=\"font-weight: 400;\">15\/08\/2015 \u2013 Diretor do Secretariados diocesano da pastoral familiar<\/p>\n<p style=\"font-weight: 400;\">31\/07\/2016 \u2013 P\u00e1roco de Fermentelos<\/p>\n<p style=\"font-weight: 400;\">25\/07\/2017 \u2013 Tamb\u00e9m respons\u00e1vel dos di\u00e1conos permanentes<\/p>\n<p>&nbsp;<\/p>\n","protected":false},"excerpt":{"rendered":"<p>O Sr. Pe Jos\u00e9 Manuel foi vig\u00e1rio na nossa par\u00f3quia durante muitos anos. Demos gra\u00e7as a Deus pelo dom que a sua vida foi para todos n\u00f3s e pe\u00e7amos ao Pai que o acolha na Sua infinita miseric\u00f3rdia. Que descanse em paz. &nbsp; Faleceu esta ter\u00e7a-feira, 18 de agosto, na Unidade de Cuidados Paliativos de [&hellip;]<\/p>\n","protected":false},"author":1,"featured_media":8816,"comment_status":"open","ping_status":"closed","sticky":false,"template":"","format":"standard","meta":{"ngg_post_thumbnail":0},"categories":[1,4,6],"tags":[],"_links":{"self":[{"href":"http:\/\/paroquiagloria.org\/v2\/index.php?rest_route=\/wp\/v2\/posts\/8815"}],"collection":[{"href":"http:\/\/paroquiagloria.org\/v2\/index.php?rest_route=\/wp\/v2\/posts"}],"about":[{"href":"http:\/\/paroquiagloria.org\/v2\/index.php?rest_route=\/wp\/v2\/types\/post"}],"author":[{"embeddable":true,"href":"http:\/\/paroquiagloria.org\/v2\/index.php?rest_route=\/wp\/v2\/users\/1"}],"replies":[{"embeddable":true,"href":"http:\/\/paroquiagloria.org\/v2\/index.php?rest_route=%2Fwp%2Fv2%2Fcomments&post=8815"}],"version-history":[{"count":1,"href":"http:\/\/paroquiagloria.org\/v2\/index.php?rest_route=\/wp\/v2\/posts\/8815\/revisions"}],"predecessor-version":[{"id":8817,"href":"http:\/\/paroquiagloria.org\/v2\/index.php?rest_route=\/wp\/v2\/posts\/8815\/revisions\/8817"}],"wp:featuredmedia":[{"embeddable":true,"href":"http:\/\/paroquiagloria.org\/v2\/index.php?rest_route=\/wp\/v2\/media\/8816"}],"wp:attachment":[{"href":"http:\/\/paroquiagloria.org\/v2\/index.php?rest_route=%2Fwp%2Fv2%2Fmedia&parent=8815"}],"wp:term":[{"taxonomy":"category","embeddable":true,"href":"http:\/\/paroquiagloria.org\/v2\/index.php?rest_route=%2Fwp%2Fv2%2Fcategories&post=8815"},{"taxonomy":"post_tag","embeddable":true,"href":"http:\/\/paroquiagloria.org\/v2\/index.php?rest_route=%2Fwp%2Fv2%2Ftags&post=8815"}],"curies":[{"name":"wp","href":"https:\/\/api.w.org\/{rel}","templated":true}]}}