{"id":8803,"date":"2020-07-18T17:18:36","date_gmt":"2020-07-18T17:18:36","guid":{"rendered":"http:\/\/paroquiagloria.org\/v2\/?p=8803"},"modified":"2020-07-18T17:18:36","modified_gmt":"2020-07-18T17:18:36","slug":"tempo-de-verao","status":"publish","type":"post","link":"http:\/\/paroquiagloria.org\/v2\/?p=8803","title":{"rendered":"Tempo de Ver\u00e3o"},"content":{"rendered":"<p><a href=\"http:\/\/paroquiagloria.org\/v2\/wp-content\/uploads\/2020\/07\/banner_ferias.jpg\"><img loading=\"lazy\" class=\"size-full wp-image-8805 aligncenter\" src=\"http:\/\/paroquiagloria.org\/v2\/wp-content\/uploads\/2020\/07\/banner_ferias.jpg\" alt=\"banner_ferias\" width=\"960\" height=\"450\" srcset=\"http:\/\/paroquiagloria.org\/v2\/wp-content\/uploads\/2020\/07\/banner_ferias.jpg 960w, http:\/\/paroquiagloria.org\/v2\/wp-content\/uploads\/2020\/07\/banner_ferias-300x141.jpg 300w\" sizes=\"(max-width: 960px) 100vw, 960px\" \/><\/a><\/p>\n<p>&nbsp;<\/p>\n<p>O <strong>Di\u00e1logo volta em Setembro.<\/strong> N\u00e3o deixe de acompanhar a vida e as actividades da Par\u00f3quia nos s\u00edtios habituais:<\/p>\n<p>P\u00c1GINA &#8211; <a href=\"http:\/\/paroquiagloria.org\/v2\/\" target=\"_blank\">http:\/\/paroquiagloria.org\/v2\/<\/a><\/p>\n<p>FACEBOOK &#8211; <a href=\"https:\/\/www.facebook.com\/paroquiagloriaaveiro\/\" target=\"_blank\">https:\/\/www.facebook.com\/paroquiagloriaaveiro\/<\/a><\/p>\n<p>YOUTUBE &#8211; <a href=\"https:\/\/www.youtube.com\/user\/pnsgaveiro\" target=\"_blank\">https:\/\/www.youtube.com\/user\/pnsgaveiro<\/a><\/p>\n<p>A Equipa paroquial deseja a todos os paroquianos e amigos um <strong>bom descanso, muita sa\u00fade<\/strong> e que n\u00e3o se esque\u00e7am de se proteger, continuando a ter todos os cuidados e a seguir todas as recomenda\u00e7\u00f5es da DGS.<\/p>\n","protected":false},"excerpt":{"rendered":"<p>&nbsp; O Di\u00e1logo volta em Setembro. N\u00e3o deixe de acompanhar a vida e as actividades da Par\u00f3quia nos s\u00edtios habituais: P\u00c1GINA &#8211; http:\/\/paroquiagloria.org\/v2\/ FACEBOOK &#8211; https:\/\/www.facebook.com\/paroquiagloriaaveiro\/ YOUTUBE &#8211; https:\/\/www.youtube.com\/user\/pnsgaveiro A Equipa paroquial deseja a todos os paroquianos e amigos um bom descanso, muita sa\u00fade e que n\u00e3o se esque\u00e7am de se proteger, continuando a ter [&hellip;]<\/p>\n","protected":false},"author":1,"featured_media":8805,"comment_status":"open","ping_status":"closed","sticky":false,"template":"","format":"standard","meta":{"ngg_post_thumbnail":0},"categories":[1,4,2,6,22],"tags":[],"_links":{"self":[{"href":"http:\/\/paroquiagloria.org\/v2\/index.php?rest_route=\/wp\/v2\/posts\/8803"}],"collection":[{"href":"http:\/\/paroquiagloria.org\/v2\/index.php?rest_route=\/wp\/v2\/posts"}],"about":[{"href":"http:\/\/paroquiagloria.org\/v2\/index.php?rest_route=\/wp\/v2\/types\/post"}],"author":[{"embeddable":true,"href":"http:\/\/paroquiagloria.org\/v2\/index.php?rest_route=\/wp\/v2\/users\/1"}],"replies":[{"embeddable":true,"href":"http:\/\/paroquiagloria.org\/v2\/index.php?rest_route=%2Fwp%2Fv2%2Fcomments&post=8803"}],"version-history":[{"count":1,"href":"http:\/\/paroquiagloria.org\/v2\/index.php?rest_route=\/wp\/v2\/posts\/8803\/revisions"}],"predecessor-version":[{"id":8806,"href":"http:\/\/paroquiagloria.org\/v2\/index.php?rest_route=\/wp\/v2\/posts\/8803\/revisions\/8806"}],"wp:featuredmedia":[{"embeddable":true,"href":"http:\/\/paroquiagloria.org\/v2\/index.php?rest_route=\/wp\/v2\/media\/8805"}],"wp:attachment":[{"href":"http:\/\/paroquiagloria.org\/v2\/index.php?rest_route=%2Fwp%2Fv2%2Fmedia&parent=8803"}],"wp:term":[{"taxonomy":"category","embeddable":true,"href":"http:\/\/paroquiagloria.org\/v2\/index.php?rest_route=%2Fwp%2Fv2%2Fcategories&post=8803"},{"taxonomy":"post_tag","embeddable":true,"href":"http:\/\/paroquiagloria.org\/v2\/index.php?rest_route=%2Fwp%2Fv2%2Ftags&post=8803"}],"curies":[{"name":"wp","href":"https:\/\/api.w.org\/{rel}","templated":true}]}}