{"id":8799,"date":"2020-07-18T17:11:55","date_gmt":"2020-07-18T17:11:55","guid":{"rendered":"http:\/\/paroquiagloria.org\/v2\/?p=8799"},"modified":"2020-07-18T17:11:55","modified_gmt":"2020-07-18T17:11:55","slug":"secretaria-paroquial","status":"publish","type":"post","link":"http:\/\/paroquiagloria.org\/v2\/?p=8799","title":{"rendered":"Secretaria Paroquial"},"content":{"rendered":"<p><a href=\"http:\/\/paroquiagloria.org\/v2\/wp-content\/uploads\/2016\/04\/paroquia.jpg\"><img loading=\"lazy\" class=\"size-full wp-image-4310 aligncenter\" src=\"http:\/\/paroquiagloria.org\/v2\/wp-content\/uploads\/2016\/04\/paroquia.jpg\" alt=\"paroquia\" width=\"960\" height=\"450\" srcset=\"http:\/\/paroquiagloria.org\/v2\/wp-content\/uploads\/2016\/04\/paroquia.jpg 960w, http:\/\/paroquiagloria.org\/v2\/wp-content\/uploads\/2016\/04\/paroquia-300x141.jpg 300w\" sizes=\"(max-width: 960px) 100vw, 960px\" \/><\/a><\/p>\n<p>&nbsp;<\/p>\n<ul>\n<li>O hor\u00e1rio da secretaria paroquial, a parir desta semana, ser\u00e1 de <strong>segunda a sexta-feira, das 14h30 \u00e0s 19h<\/strong>.<\/li>\n<li>Aproveitamos para apelar a que, quem assim o entender, pode deixar na nossa Secretaria Paroquial todos os donativos destinados \u00e0 \u201c<strong>Confer\u00eancia Vicentina<\/strong>\u201d. As Vicentinas, pela conting\u00eancia actual devido aos constrangimentos existentes, n\u00e3o t\u00eam realizado as suas campanhas mensais de angaria\u00e7\u00e3o de donativos, no entanto, as pessoas ajudadas, continuam a precisar de ajuda. A Secretaria Paroquial far-lhes-\u00e1 chegar os donativos entregues. <strong>N\u00e3o deixe de ajudar!<\/strong><\/li>\n<\/ul>\n<p>&nbsp;<\/p>\n<p><a href=\"http:\/\/paroquiagloria.org\/v2\/wp-content\/uploads\/2018\/02\/banner_S\u00e3o-Vicente-de-Paulo.jpg\"><img loading=\"lazy\" class=\"size-full wp-image-6315 aligncenter\" src=\"http:\/\/paroquiagloria.org\/v2\/wp-content\/uploads\/2018\/02\/banner_S\u00e3o-Vicente-de-Paulo.jpg\" alt=\"banner_S\u00e3o-Vicente-de-Paulo\" width=\"960\" height=\"450\" srcset=\"http:\/\/paroquiagloria.org\/v2\/wp-content\/uploads\/2018\/02\/banner_S\u00e3o-Vicente-de-Paulo.jpg 960w, http:\/\/paroquiagloria.org\/v2\/wp-content\/uploads\/2018\/02\/banner_S\u00e3o-Vicente-de-Paulo-300x141.jpg 300w\" sizes=\"(max-width: 960px) 100vw, 960px\" \/><\/a><\/p>\n","protected":false},"excerpt":{"rendered":"<p>&nbsp; O hor\u00e1rio da secretaria paroquial, a parir desta semana, ser\u00e1 de segunda a sexta-feira, das 14h30 \u00e0s 19h. Aproveitamos para apelar a que, quem assim o entender, pode deixar na nossa Secretaria Paroquial todos os donativos destinados \u00e0 \u201cConfer\u00eancia Vicentina\u201d. As Vicentinas, pela conting\u00eancia actual devido aos constrangimentos existentes, n\u00e3o t\u00eam realizado as suas [&hellip;]<\/p>\n","protected":false},"author":1,"featured_media":4310,"comment_status":"open","ping_status":"closed","sticky":false,"template":"","format":"standard","meta":{"ngg_post_thumbnail":0},"categories":[1,4,2,6],"tags":[],"_links":{"self":[{"href":"http:\/\/paroquiagloria.org\/v2\/index.php?rest_route=\/wp\/v2\/posts\/8799"}],"collection":[{"href":"http:\/\/paroquiagloria.org\/v2\/index.php?rest_route=\/wp\/v2\/posts"}],"about":[{"href":"http:\/\/paroquiagloria.org\/v2\/index.php?rest_route=\/wp\/v2\/types\/post"}],"author":[{"embeddable":true,"href":"http:\/\/paroquiagloria.org\/v2\/index.php?rest_route=\/wp\/v2\/users\/1"}],"replies":[{"embeddable":true,"href":"http:\/\/paroquiagloria.org\/v2\/index.php?rest_route=%2Fwp%2Fv2%2Fcomments&post=8799"}],"version-history":[{"count":1,"href":"http:\/\/paroquiagloria.org\/v2\/index.php?rest_route=\/wp\/v2\/posts\/8799\/revisions"}],"predecessor-version":[{"id":8800,"href":"http:\/\/paroquiagloria.org\/v2\/index.php?rest_route=\/wp\/v2\/posts\/8799\/revisions\/8800"}],"wp:featuredmedia":[{"embeddable":true,"href":"http:\/\/paroquiagloria.org\/v2\/index.php?rest_route=\/wp\/v2\/media\/4310"}],"wp:attachment":[{"href":"http:\/\/paroquiagloria.org\/v2\/index.php?rest_route=%2Fwp%2Fv2%2Fmedia&parent=8799"}],"wp:term":[{"taxonomy":"category","embeddable":true,"href":"http:\/\/paroquiagloria.org\/v2\/index.php?rest_route=%2Fwp%2Fv2%2Fcategories&post=8799"},{"taxonomy":"post_tag","embeddable":true,"href":"http:\/\/paroquiagloria.org\/v2\/index.php?rest_route=%2Fwp%2Fv2%2Ftags&post=8799"}],"curies":[{"name":"wp","href":"https:\/\/api.w.org\/{rel}","templated":true}]}}