{"id":8788,"date":"2020-07-11T18:42:14","date_gmt":"2020-07-11T18:42:14","guid":{"rendered":"http:\/\/paroquiagloria.org\/v2\/?p=8788"},"modified":"2020-07-11T18:42:14","modified_gmt":"2020-07-11T18:42:14","slug":"opiniao-sera-a-covid-excecao-para-tudo-por-sonia-monteiro","status":"publish","type":"post","link":"http:\/\/paroquiagloria.org\/v2\/?p=8788","title":{"rendered":"Opini\u00e3o: &#8220;Ser\u00e1 a Covid exce\u00e7\u00e3o para tudo?&#8221;, por S\u00f3nia Monteiro"},"content":{"rendered":"<p><a href=\"http:\/\/paroquiagloria.org\/v2\/wp-content\/uploads\/2020\/07\/banner_seraoCovid.jpg\"><img loading=\"lazy\" class=\"size-full wp-image-8786 aligncenter\" src=\"http:\/\/paroquiagloria.org\/v2\/wp-content\/uploads\/2020\/07\/banner_seraoCovid.jpg\" alt=\"banner_seraoCovid\" width=\"960\" height=\"450\" srcset=\"http:\/\/paroquiagloria.org\/v2\/wp-content\/uploads\/2020\/07\/banner_seraoCovid.jpg 960w, http:\/\/paroquiagloria.org\/v2\/wp-content\/uploads\/2020\/07\/banner_seraoCovid-300x141.jpg 300w\" sizes=\"(max-width: 960px) 100vw, 960px\" \/><\/a><\/p>\n<p>&nbsp;<\/p>\n<p style=\"text-align: justify;\">&#8220;(\u2026) Estamos cada vez mais conscientes do impacto presente e futuro na vida privada das pessoas e ao n\u00edvel da vida p\u00fablica e pol\u00edtica. Portanto, importa repensar a pertin\u00eancia destas medidas de controlo de natureza supostamente excecional.<br \/>\nO tempo da pandemia tem servido de desculpa para muita coisa, mas tamb\u00e9m \u00e9 bem verdade que permitiu levantar o v\u00e9u que cobre a sociedade hodierna e deixar a descoberto a realidade em que de facto vivemos, onde gestos de solidariedade e comunh\u00e3o se manifestam, onde as melhorias e desenvolvimento aos n\u00edveis tecnol\u00f3gico e cient\u00edfico nos surpreendem, mas tamb\u00e9m onde as feridas, as fraturas, as desigualdades do mundo inerentes ao modelo econ\u00f3mico ao qual estamos agarrados se desmascaram e revelam. Nos \u00faltimos meses, o lado mais escuro desta nossa sociedade tem-se destacado. E s\u00e3o novamente os mais fr\u00e1geis, os mais pobres e marginalizados os mais afetados n\u00e3o s\u00f3 pela propaga\u00e7\u00e3o do v\u00edrus, mas tamb\u00e9m pela dificuldade de acesso a servi\u00e7os de educa\u00e7\u00e3o e sa\u00fade de qualidade, pela perda de empregos, pela amea\u00e7a crescente de precariedade. (\u2026) &#8220;<\/p>\n<p><a href=\"https:\/\/pontosj.pt\/opiniao\/sera-a-covid-excecao-para-tudo\/\" target=\"_blank\">https:\/\/pontosj.pt\/opiniao\/sera-a-covid-excecao-para-tudo\/<\/a><\/p>\n","protected":false},"excerpt":{"rendered":"<p>&nbsp; &#8220;(\u2026) Estamos cada vez mais conscientes do impacto presente e futuro na vida privada das pessoas e ao n\u00edvel da vida p\u00fablica e pol\u00edtica. Portanto, importa repensar a pertin\u00eancia destas medidas de controlo de natureza supostamente excecional. O tempo da pandemia tem servido de desculpa para muita coisa, mas tamb\u00e9m \u00e9 bem verdade que [&hellip;]<\/p>\n","protected":false},"author":1,"featured_media":8786,"comment_status":"open","ping_status":"closed","sticky":false,"template":"","format":"standard","meta":{"ngg_post_thumbnail":0},"categories":[1,4,2,6],"tags":[],"_links":{"self":[{"href":"http:\/\/paroquiagloria.org\/v2\/index.php?rest_route=\/wp\/v2\/posts\/8788"}],"collection":[{"href":"http:\/\/paroquiagloria.org\/v2\/index.php?rest_route=\/wp\/v2\/posts"}],"about":[{"href":"http:\/\/paroquiagloria.org\/v2\/index.php?rest_route=\/wp\/v2\/types\/post"}],"author":[{"embeddable":true,"href":"http:\/\/paroquiagloria.org\/v2\/index.php?rest_route=\/wp\/v2\/users\/1"}],"replies":[{"embeddable":true,"href":"http:\/\/paroquiagloria.org\/v2\/index.php?rest_route=%2Fwp%2Fv2%2Fcomments&post=8788"}],"version-history":[{"count":1,"href":"http:\/\/paroquiagloria.org\/v2\/index.php?rest_route=\/wp\/v2\/posts\/8788\/revisions"}],"predecessor-version":[{"id":8789,"href":"http:\/\/paroquiagloria.org\/v2\/index.php?rest_route=\/wp\/v2\/posts\/8788\/revisions\/8789"}],"wp:featuredmedia":[{"embeddable":true,"href":"http:\/\/paroquiagloria.org\/v2\/index.php?rest_route=\/wp\/v2\/media\/8786"}],"wp:attachment":[{"href":"http:\/\/paroquiagloria.org\/v2\/index.php?rest_route=%2Fwp%2Fv2%2Fmedia&parent=8788"}],"wp:term":[{"taxonomy":"category","embeddable":true,"href":"http:\/\/paroquiagloria.org\/v2\/index.php?rest_route=%2Fwp%2Fv2%2Fcategories&post=8788"},{"taxonomy":"post_tag","embeddable":true,"href":"http:\/\/paroquiagloria.org\/v2\/index.php?rest_route=%2Fwp%2Fv2%2Ftags&post=8788"}],"curies":[{"name":"wp","href":"https:\/\/api.w.org\/{rel}","templated":true}]}}