{"id":8784,"date":"2020-07-11T18:41:01","date_gmt":"2020-07-11T18:41:01","guid":{"rendered":"http:\/\/paroquiagloria.org\/v2\/?p=8784"},"modified":"2020-07-11T18:41:01","modified_gmt":"2020-07-11T18:41:01","slug":"morreu-ennio-morricone","status":"publish","type":"post","link":"http:\/\/paroquiagloria.org\/v2\/?p=8784","title":{"rendered":"Morreu Ennio Morricone"},"content":{"rendered":"<p><a href=\"http:\/\/paroquiagloria.org\/v2\/wp-content\/uploads\/2020\/07\/banner_Ennioorricone.jpg\"><img loading=\"lazy\" class=\"size-full wp-image-8785 aligncenter\" src=\"http:\/\/paroquiagloria.org\/v2\/wp-content\/uploads\/2020\/07\/banner_Ennioorricone.jpg\" alt=\"banner_Ennio;orricone\" width=\"960\" height=\"450\" srcset=\"http:\/\/paroquiagloria.org\/v2\/wp-content\/uploads\/2020\/07\/banner_Ennioorricone.jpg 960w, http:\/\/paroquiagloria.org\/v2\/wp-content\/uploads\/2020\/07\/banner_Ennioorricone-300x141.jpg 300w\" sizes=\"(max-width: 960px) 100vw, 960px\" \/><\/a><\/p>\n<p>&nbsp;<\/p>\n<p style=\"text-align: justify;\">Faleceu Ennio Morricone na passada segunda feira, dia 6 de julho de 2020.<br \/>\nMorricone cresceu num ambiente marcado pela m\u00fasica e pela f\u00e9 cat\u00f3lica, sem que houvesse separa\u00e7\u00e3o entre essas duas dimens\u00f5es da sua vida, o que fez com que ao longo da sua vida a f\u00e9 sempre estivesse presente nas suas obras.<br \/>\nEm 2019, o Papa Francisco concedeu-lhe a Medalha de Ouro do Pontificado, como forma de reconhecimento pelo seu &#8220;extraordin\u00e1rio compromisso art\u00edstico.<br \/>\nMorricone comp\u00f4s para in\u00fameros filmes, s\u00e9ries televisivas, al\u00e9m de outras produ\u00e7\u00f5es musicais. Chegou a gravar com artistas como Chet Baker, Chico Buarque, Yo-Yo Ma e Dulce Pontes. De todas as suas obras, s\u00e3o de destacar &#8220;O Bom, o Mau e o Vil\u00e3o&#8221; (1966), &#8220;Aconteceu no Oeste&#8221; (1968), &#8220;Era uma vez na Am\u00e9rica&#8221; (1984), &#8220;A Miss\u00e3o&#8221; (1986) e &#8220;Cinema Para\u00edso&#8221; (1988).<\/p>\n<p><a href=\"https:\/\/pontosj.pt\/especial\/um-adeus-a-ennio-morricone\/\" target=\"_blank\">https:\/\/pontosj.pt\/especial\/um-adeus-a-ennio-morricone\/<\/a><\/p>\n","protected":false},"excerpt":{"rendered":"<p>&nbsp; Faleceu Ennio Morricone na passada segunda feira, dia 6 de julho de 2020. Morricone cresceu num ambiente marcado pela m\u00fasica e pela f\u00e9 cat\u00f3lica, sem que houvesse separa\u00e7\u00e3o entre essas duas dimens\u00f5es da sua vida, o que fez com que ao longo da sua vida a f\u00e9 sempre estivesse presente nas suas obras. Em [&hellip;]<\/p>\n","protected":false},"author":1,"featured_media":8785,"comment_status":"open","ping_status":"closed","sticky":false,"template":"","format":"standard","meta":{"ngg_post_thumbnail":0},"categories":[1,4,2,6],"tags":[],"_links":{"self":[{"href":"http:\/\/paroquiagloria.org\/v2\/index.php?rest_route=\/wp\/v2\/posts\/8784"}],"collection":[{"href":"http:\/\/paroquiagloria.org\/v2\/index.php?rest_route=\/wp\/v2\/posts"}],"about":[{"href":"http:\/\/paroquiagloria.org\/v2\/index.php?rest_route=\/wp\/v2\/types\/post"}],"author":[{"embeddable":true,"href":"http:\/\/paroquiagloria.org\/v2\/index.php?rest_route=\/wp\/v2\/users\/1"}],"replies":[{"embeddable":true,"href":"http:\/\/paroquiagloria.org\/v2\/index.php?rest_route=%2Fwp%2Fv2%2Fcomments&post=8784"}],"version-history":[{"count":1,"href":"http:\/\/paroquiagloria.org\/v2\/index.php?rest_route=\/wp\/v2\/posts\/8784\/revisions"}],"predecessor-version":[{"id":8787,"href":"http:\/\/paroquiagloria.org\/v2\/index.php?rest_route=\/wp\/v2\/posts\/8784\/revisions\/8787"}],"wp:featuredmedia":[{"embeddable":true,"href":"http:\/\/paroquiagloria.org\/v2\/index.php?rest_route=\/wp\/v2\/media\/8785"}],"wp:attachment":[{"href":"http:\/\/paroquiagloria.org\/v2\/index.php?rest_route=%2Fwp%2Fv2%2Fmedia&parent=8784"}],"wp:term":[{"taxonomy":"category","embeddable":true,"href":"http:\/\/paroquiagloria.org\/v2\/index.php?rest_route=%2Fwp%2Fv2%2Fcategories&post=8784"},{"taxonomy":"post_tag","embeddable":true,"href":"http:\/\/paroquiagloria.org\/v2\/index.php?rest_route=%2Fwp%2Fv2%2Ftags&post=8784"}],"curies":[{"name":"wp","href":"https:\/\/api.w.org\/{rel}","templated":true}]}}