{"id":8782,"date":"2020-07-11T18:37:37","date_gmt":"2020-07-11T18:37:37","guid":{"rendered":"http:\/\/paroquiagloria.org\/v2\/?p=8782"},"modified":"2020-07-11T18:37:37","modified_gmt":"2020-07-11T18:37:37","slug":"festa-da-senhora-da-victoria-vilar","status":"publish","type":"post","link":"http:\/\/paroquiagloria.org\/v2\/?p=8782","title":{"rendered":"Festa da Senhora da Vict\u00f3ria &#8211; Vilar"},"content":{"rendered":"<p style=\"text-align: justify;\"><a href=\"http:\/\/paroquiagloria.org\/v2\/wp-content\/uploads\/2018\/07\/nossasenhoradavictoria_vilar_1.jpg\"><img loading=\"lazy\" class=\"size-full wp-image-6757 aligncenter\" src=\"http:\/\/paroquiagloria.org\/v2\/wp-content\/uploads\/2018\/07\/nossasenhoradavictoria_vilar_1.jpg\" alt=\"nossasenhoradavictoria_vilar_1\" width=\"273\" height=\"801\" srcset=\"http:\/\/paroquiagloria.org\/v2\/wp-content\/uploads\/2018\/07\/nossasenhoradavictoria_vilar_1.jpg 273w, http:\/\/paroquiagloria.org\/v2\/wp-content\/uploads\/2018\/07\/nossasenhoradavictoria_vilar_1-102x300.jpg 102w\" sizes=\"(max-width: 273px) 100vw, 273px\" \/><\/a><\/p>\n<p>&nbsp;<\/p>\n<p>No pr\u00f3ximo domingo, dia 19 de Julho, realiza-se a festa de Nossa Senhora da Vict\u00f3ria, em Vilar. Este ano condicionada \u00e0 Eucaristia pelas 10h. no jardim em frente \u00e0 Capela.<br \/>\nA devo\u00e7\u00e3o a Nossa Senhora da Vict\u00f3ria nesta zona da cidade remonta ao s\u00e9c. XVI, tendo a capela sofrido diversas remodela\u00e7\u00f5es ao longo dos tempos e sendo-lhe acrescentadas pe\u00e7as provenientes de outras igrejas locais. Existe uma imagem em calc\u00e1rio de Nossa Senhora da Vict\u00f3ria dessa \u00e9poca. O seu culto ao longo dos s\u00e9culos est\u00e1 ligado \u00e0 vit\u00f3ria do bem sobre o mal, da vida sobre a morte.<\/p>\n","protected":false},"excerpt":{"rendered":"<p>&nbsp; No pr\u00f3ximo domingo, dia 19 de Julho, realiza-se a festa de Nossa Senhora da Vict\u00f3ria, em Vilar. Este ano condicionada \u00e0 Eucaristia pelas 10h. no jardim em frente \u00e0 Capela. A devo\u00e7\u00e3o a Nossa Senhora da Vict\u00f3ria nesta zona da cidade remonta ao s\u00e9c. XVI, tendo a capela sofrido diversas remodela\u00e7\u00f5es ao longo dos [&hellip;]<\/p>\n","protected":false},"author":1,"featured_media":6758,"comment_status":"open","ping_status":"closed","sticky":false,"template":"","format":"standard","meta":{"ngg_post_thumbnail":0},"categories":[1,4,2,6,22],"tags":[],"_links":{"self":[{"href":"http:\/\/paroquiagloria.org\/v2\/index.php?rest_route=\/wp\/v2\/posts\/8782"}],"collection":[{"href":"http:\/\/paroquiagloria.org\/v2\/index.php?rest_route=\/wp\/v2\/posts"}],"about":[{"href":"http:\/\/paroquiagloria.org\/v2\/index.php?rest_route=\/wp\/v2\/types\/post"}],"author":[{"embeddable":true,"href":"http:\/\/paroquiagloria.org\/v2\/index.php?rest_route=\/wp\/v2\/users\/1"}],"replies":[{"embeddable":true,"href":"http:\/\/paroquiagloria.org\/v2\/index.php?rest_route=%2Fwp%2Fv2%2Fcomments&post=8782"}],"version-history":[{"count":1,"href":"http:\/\/paroquiagloria.org\/v2\/index.php?rest_route=\/wp\/v2\/posts\/8782\/revisions"}],"predecessor-version":[{"id":8783,"href":"http:\/\/paroquiagloria.org\/v2\/index.php?rest_route=\/wp\/v2\/posts\/8782\/revisions\/8783"}],"wp:featuredmedia":[{"embeddable":true,"href":"http:\/\/paroquiagloria.org\/v2\/index.php?rest_route=\/wp\/v2\/media\/6758"}],"wp:attachment":[{"href":"http:\/\/paroquiagloria.org\/v2\/index.php?rest_route=%2Fwp%2Fv2%2Fmedia&parent=8782"}],"wp:term":[{"taxonomy":"category","embeddable":true,"href":"http:\/\/paroquiagloria.org\/v2\/index.php?rest_route=%2Fwp%2Fv2%2Fcategories&post=8782"},{"taxonomy":"post_tag","embeddable":true,"href":"http:\/\/paroquiagloria.org\/v2\/index.php?rest_route=%2Fwp%2Fv2%2Ftags&post=8782"}],"curies":[{"name":"wp","href":"https:\/\/api.w.org\/{rel}","templated":true}]}}