{"id":8774,"date":"2020-07-04T18:43:41","date_gmt":"2020-07-04T18:43:41","guid":{"rendered":"http:\/\/paroquiagloria.org\/v2\/?p=8774"},"modified":"2020-07-04T18:43:41","modified_gmt":"2020-07-04T18:43:41","slug":"onde-estao-os-mais-novos","status":"publish","type":"post","link":"http:\/\/paroquiagloria.org\/v2\/?p=8774","title":{"rendered":"Onde est\u00e3o os mais novos?"},"content":{"rendered":"<p><a href=\"http:\/\/paroquiagloria.org\/v2\/wp-content\/uploads\/2013\/02\/JovensMissa.jpg\"><img loading=\"lazy\" class=\"size-full wp-image-8760 aligncenter\" src=\"http:\/\/paroquiagloria.org\/v2\/wp-content\/uploads\/2013\/02\/JovensMissa.jpg\" alt=\"JovensMissa\" width=\"960\" height=\"960\" srcset=\"http:\/\/paroquiagloria.org\/v2\/wp-content\/uploads\/2013\/02\/JovensMissa.jpg 960w, http:\/\/paroquiagloria.org\/v2\/wp-content\/uploads\/2013\/02\/JovensMissa-150x150.jpg 150w, http:\/\/paroquiagloria.org\/v2\/wp-content\/uploads\/2013\/02\/JovensMissa-300x300.jpg 300w, http:\/\/paroquiagloria.org\/v2\/wp-content\/uploads\/2013\/02\/JovensMissa-185x185.jpg 185w, http:\/\/paroquiagloria.org\/v2\/wp-content\/uploads\/2013\/02\/JovensMissa-184x184.jpg 184w\" sizes=\"(max-width: 960px) 100vw, 960px\" \/><\/a><\/p>\n<p>&nbsp;<\/p>\n<p>Ao domingo a nossa Igreja enche no hor\u00e1rio habitual das Celebra\u00e7\u00f5es Eucar\u00edsticas. E \u00e0 semana est\u00e1 bem composta. \u00c9 certo que a Assembleia \u00e9 reduzida por exig\u00eancias de sa\u00fade p\u00fablica, que impedem muitos de participar; mas h\u00e1 uma constante que preocupa: a aus\u00eancia de crian\u00e7as, adolescentes e jovens. E j\u00e1 l\u00e1 v\u00e3o umas semanas em que reabriram as Igrejas ao culto!<br \/>\nPassei esta semana em retiro, em sil\u00eancio apenas quebrado ao jantar. \u00c9ramos 20 padres e todos em servi\u00e7o na nossa diocese. Como \u00e0 noite n\u00e3o estavam previstas actividades, e era permitido falar, o assunto de conversa centrou-se invariavelmente na COVID 19 e suas consequ\u00eancias para as Par\u00f3quias.<br \/>\nOs problemas s\u00e3o comuns: assembleias genericamente de pessoas idosas e aus\u00eancia not\u00f3ria de Crian\u00e7as, Adolescentes e Jovens, al\u00e9m das dificuldades econ\u00f3micas trazidas pela pandemia. N\u00e3o s\u00e3o os \u00fanicos, mas estes s\u00e3o os problemas mais transversais e para os quais n\u00e3o se vislumbra chave de solu\u00e7\u00e3o. Tamb\u00e9m na nossa Par\u00f3quia.<br \/>\nEstamos num tempo novo e nada ficar\u00e1 na mesma. Ent\u00e3o, que futuro? N\u00e3o sei se algu\u00e9m tem resposta, mas sei que a aus\u00eancia f\u00edsica e prolongada da Igreja \u00e9 plano inclinado no processo de afastamento afectivo e efectivo dela.<br \/>\nAo constatar que muitas das nossas crian\u00e7as, adolescentes e jovens, todos baptizados, n\u00e3o entram na nossa Igreja, nem em qualquer outra, desde o dia 13 de Mar\u00e7o, confesso que fico preocupado. Mesmo que a \u00fanica raz\u00e3o seja o medo de cont\u00e1gio pelo coronavirus.<br \/>\nPadre Fausto<\/p>\n","protected":false},"excerpt":{"rendered":"<p>&nbsp; Ao domingo a nossa Igreja enche no hor\u00e1rio habitual das Celebra\u00e7\u00f5es Eucar\u00edsticas. E \u00e0 semana est\u00e1 bem composta. \u00c9 certo que a Assembleia \u00e9 reduzida por exig\u00eancias de sa\u00fade p\u00fablica, que impedem muitos de participar; mas h\u00e1 uma constante que preocupa: a aus\u00eancia de crian\u00e7as, adolescentes e jovens. E j\u00e1 l\u00e1 v\u00e3o umas semanas [&hellip;]<\/p>\n","protected":false},"author":1,"featured_media":8756,"comment_status":"open","ping_status":"closed","sticky":false,"template":"","format":"standard","meta":{"ngg_post_thumbnail":0},"categories":[1,4,2,6,22],"tags":[],"_links":{"self":[{"href":"http:\/\/paroquiagloria.org\/v2\/index.php?rest_route=\/wp\/v2\/posts\/8774"}],"collection":[{"href":"http:\/\/paroquiagloria.org\/v2\/index.php?rest_route=\/wp\/v2\/posts"}],"about":[{"href":"http:\/\/paroquiagloria.org\/v2\/index.php?rest_route=\/wp\/v2\/types\/post"}],"author":[{"embeddable":true,"href":"http:\/\/paroquiagloria.org\/v2\/index.php?rest_route=\/wp\/v2\/users\/1"}],"replies":[{"embeddable":true,"href":"http:\/\/paroquiagloria.org\/v2\/index.php?rest_route=%2Fwp%2Fv2%2Fcomments&post=8774"}],"version-history":[{"count":1,"href":"http:\/\/paroquiagloria.org\/v2\/index.php?rest_route=\/wp\/v2\/posts\/8774\/revisions"}],"predecessor-version":[{"id":8775,"href":"http:\/\/paroquiagloria.org\/v2\/index.php?rest_route=\/wp\/v2\/posts\/8774\/revisions\/8775"}],"wp:featuredmedia":[{"embeddable":true,"href":"http:\/\/paroquiagloria.org\/v2\/index.php?rest_route=\/wp\/v2\/media\/8756"}],"wp:attachment":[{"href":"http:\/\/paroquiagloria.org\/v2\/index.php?rest_route=%2Fwp%2Fv2%2Fmedia&parent=8774"}],"wp:term":[{"taxonomy":"category","embeddable":true,"href":"http:\/\/paroquiagloria.org\/v2\/index.php?rest_route=%2Fwp%2Fv2%2Fcategories&post=8774"},{"taxonomy":"post_tag","embeddable":true,"href":"http:\/\/paroquiagloria.org\/v2\/index.php?rest_route=%2Fwp%2Fv2%2Ftags&post=8774"}],"curies":[{"name":"wp","href":"https:\/\/api.w.org\/{rel}","templated":true}]}}