{"id":8772,"date":"2020-07-04T18:42:56","date_gmt":"2020-07-04T18:42:56","guid":{"rendered":"http:\/\/paroquiagloria.org\/v2\/?p=8772"},"modified":"2020-07-04T18:42:56","modified_gmt":"2020-07-04T18:42:56","slug":"intencao-do-papa","status":"publish","type":"post","link":"http:\/\/paroquiagloria.org\/v2\/?p=8772","title":{"rendered":"Inten\u00e7\u00e3o do Papa"},"content":{"rendered":"<p><a href=\"http:\/\/paroquiagloria.org\/v2\/wp-content\/uploads\/2013\/02\/papa-francisco_familia.jpg\"><img loading=\"lazy\" class=\"size-full wp-image-8763 aligncenter\" src=\"http:\/\/paroquiagloria.org\/v2\/wp-content\/uploads\/2013\/02\/papa-francisco_familia.jpg\" alt=\"papa-francisco_familia\" width=\"600\" height=\"450\" srcset=\"http:\/\/paroquiagloria.org\/v2\/wp-content\/uploads\/2013\/02\/papa-francisco_familia.jpg 600w, http:\/\/paroquiagloria.org\/v2\/wp-content\/uploads\/2013\/02\/papa-francisco_familia-300x225.jpg 300w\" sizes=\"(max-width: 600px) 100vw, 600px\" \/><\/a><\/p>\n<h3>\u00a0 \u00a0 \u00a0 \u00a0 \u00a0 \u00a0 \u00a0 \u00a0 \u00a0 \u00a0Francisco pede aos fi\u00e9is que rezem pelas fam\u00edlias<\/h3>\n<p>&#8220;A fam\u00edlia tem que ser protegida&#8221;: \u00e9 a premissa do Papa Francisco ao pedir a ora\u00e7\u00e3o dos fi\u00e9is. &#8220;A Igreja tem que animar e estar ao lado das fam\u00edlias, ajudando-as a descobrir caminhos que lhes permitam superar todas estas dificuldades.&#8221; O Papa recorda ainda os tempos dif\u00edceis que as fam\u00edlias enfrentam hoje, marcados pelo stress de um mundo em crise.<\/p>\n<p>&nbsp;<\/p>\n","protected":false},"excerpt":{"rendered":"<p>\u00a0 \u00a0 \u00a0 \u00a0 \u00a0 \u00a0 \u00a0 \u00a0 \u00a0 \u00a0Francisco pede aos fi\u00e9is que rezem pelas fam\u00edlias &#8220;A fam\u00edlia tem que ser protegida&#8221;: \u00e9 a premissa do Papa Francisco ao pedir a ora\u00e7\u00e3o dos fi\u00e9is. &#8220;A Igreja tem que animar e estar ao lado das fam\u00edlias, ajudando-as a descobrir caminhos que lhes permitam superar todas [&hellip;]<\/p>\n","protected":false},"author":1,"featured_media":8759,"comment_status":"open","ping_status":"closed","sticky":false,"template":"","format":"standard","meta":{"ngg_post_thumbnail":0},"categories":[1,4,2,6],"tags":[],"_links":{"self":[{"href":"http:\/\/paroquiagloria.org\/v2\/index.php?rest_route=\/wp\/v2\/posts\/8772"}],"collection":[{"href":"http:\/\/paroquiagloria.org\/v2\/index.php?rest_route=\/wp\/v2\/posts"}],"about":[{"href":"http:\/\/paroquiagloria.org\/v2\/index.php?rest_route=\/wp\/v2\/types\/post"}],"author":[{"embeddable":true,"href":"http:\/\/paroquiagloria.org\/v2\/index.php?rest_route=\/wp\/v2\/users\/1"}],"replies":[{"embeddable":true,"href":"http:\/\/paroquiagloria.org\/v2\/index.php?rest_route=%2Fwp%2Fv2%2Fcomments&post=8772"}],"version-history":[{"count":1,"href":"http:\/\/paroquiagloria.org\/v2\/index.php?rest_route=\/wp\/v2\/posts\/8772\/revisions"}],"predecessor-version":[{"id":8773,"href":"http:\/\/paroquiagloria.org\/v2\/index.php?rest_route=\/wp\/v2\/posts\/8772\/revisions\/8773"}],"wp:featuredmedia":[{"embeddable":true,"href":"http:\/\/paroquiagloria.org\/v2\/index.php?rest_route=\/wp\/v2\/media\/8759"}],"wp:attachment":[{"href":"http:\/\/paroquiagloria.org\/v2\/index.php?rest_route=%2Fwp%2Fv2%2Fmedia&parent=8772"}],"wp:term":[{"taxonomy":"category","embeddable":true,"href":"http:\/\/paroquiagloria.org\/v2\/index.php?rest_route=%2Fwp%2Fv2%2Fcategories&post=8772"},{"taxonomy":"post_tag","embeddable":true,"href":"http:\/\/paroquiagloria.org\/v2\/index.php?rest_route=%2Fwp%2Fv2%2Ftags&post=8772"}],"curies":[{"name":"wp","href":"https:\/\/api.w.org\/{rel}","templated":true}]}}