{"id":8768,"date":"2020-07-04T18:40:47","date_gmt":"2020-07-04T18:40:47","guid":{"rendered":"http:\/\/paroquiagloria.org\/v2\/?p=8768"},"modified":"2020-07-04T18:40:47","modified_gmt":"2020-07-04T18:40:47","slug":"novo-presidente-da-cep","status":"publish","type":"post","link":"http:\/\/paroquiagloria.org\/v2\/?p=8768","title":{"rendered":"Novo presidente da CEP"},"content":{"rendered":"<p><a href=\"http:\/\/paroquiagloria.org\/v2\/wp-content\/uploads\/2013\/02\/NovoCEP.jpg\"><img loading=\"lazy\" class=\"size-full wp-image-8762 aligncenter\" src=\"http:\/\/paroquiagloria.org\/v2\/wp-content\/uploads\/2013\/02\/NovoCEP.jpg\" alt=\"NovoCEP\" width=\"960\" height=\"579\" srcset=\"http:\/\/paroquiagloria.org\/v2\/wp-content\/uploads\/2013\/02\/NovoCEP.jpg 960w, http:\/\/paroquiagloria.org\/v2\/wp-content\/uploads\/2013\/02\/NovoCEP-300x181.jpg 300w\" sizes=\"(max-width: 960px) 100vw, 960px\" \/><\/a><\/p>\n<p>O novo presidente da Confer\u00eancia Episcopal Portuguesa (CEP), D. Jos\u00e9 Ornelas, apelou \u00e0 defesa da vida e \u00e0 solidariedade com as v\u00edtimas da crise econ\u00f3mica e social provocada pela pandemia.<br \/>\nA resposta econ\u00f3mica e pol\u00edtica, real\u00e7ou, n\u00e3o deve deixar \u201cningu\u00e9m para tr\u00e1s\u201d, com particular preocupa\u00e7\u00e3o para a situa\u00e7\u00e3o dos mais velhos.<br \/>\nDestacou que a defesa da vida \u201c\u00e9 o suporte para todas as outras dimens\u00f5es\u201d.<br \/>\n\u201cAntes de mais a defesa da vida e isso a todos os n\u00edveis\u201d, em termos de organiza\u00e7\u00e3o da sociedade, com aten\u00e7\u00e3o \u00e0s \u201cfases mais fr\u00e1geis do existir\u201d.<\/p>\n<p>fonte: <a href=\"https:\/\/agencia.ecclesia.pt\/portal\/covid-19-defesa-da-vida-e-luta-contra-as-desigualdades-nas-prioridades-do-novo-presidente-da-cep\/\" target=\"_blank\">www.ecclesia.pt<\/a><\/p>\n","protected":false},"excerpt":{"rendered":"<p>O novo presidente da Confer\u00eancia Episcopal Portuguesa (CEP), D. Jos\u00e9 Ornelas, apelou \u00e0 defesa da vida e \u00e0 solidariedade com as v\u00edtimas da crise econ\u00f3mica e social provocada pela pandemia. A resposta econ\u00f3mica e pol\u00edtica, real\u00e7ou, n\u00e3o deve deixar \u201cningu\u00e9m para tr\u00e1s\u201d, com particular preocupa\u00e7\u00e3o para a situa\u00e7\u00e3o dos mais velhos. Destacou que a defesa [&hellip;]<\/p>\n","protected":false},"author":1,"featured_media":8758,"comment_status":"open","ping_status":"closed","sticky":false,"template":"","format":"standard","meta":{"ngg_post_thumbnail":0},"categories":[1,4,2,6],"tags":[],"_links":{"self":[{"href":"http:\/\/paroquiagloria.org\/v2\/index.php?rest_route=\/wp\/v2\/posts\/8768"}],"collection":[{"href":"http:\/\/paroquiagloria.org\/v2\/index.php?rest_route=\/wp\/v2\/posts"}],"about":[{"href":"http:\/\/paroquiagloria.org\/v2\/index.php?rest_route=\/wp\/v2\/types\/post"}],"author":[{"embeddable":true,"href":"http:\/\/paroquiagloria.org\/v2\/index.php?rest_route=\/wp\/v2\/users\/1"}],"replies":[{"embeddable":true,"href":"http:\/\/paroquiagloria.org\/v2\/index.php?rest_route=%2Fwp%2Fv2%2Fcomments&post=8768"}],"version-history":[{"count":1,"href":"http:\/\/paroquiagloria.org\/v2\/index.php?rest_route=\/wp\/v2\/posts\/8768\/revisions"}],"predecessor-version":[{"id":8769,"href":"http:\/\/paroquiagloria.org\/v2\/index.php?rest_route=\/wp\/v2\/posts\/8768\/revisions\/8769"}],"wp:featuredmedia":[{"embeddable":true,"href":"http:\/\/paroquiagloria.org\/v2\/index.php?rest_route=\/wp\/v2\/media\/8758"}],"wp:attachment":[{"href":"http:\/\/paroquiagloria.org\/v2\/index.php?rest_route=%2Fwp%2Fv2%2Fmedia&parent=8768"}],"wp:term":[{"taxonomy":"category","embeddable":true,"href":"http:\/\/paroquiagloria.org\/v2\/index.php?rest_route=%2Fwp%2Fv2%2Fcategories&post=8768"},{"taxonomy":"post_tag","embeddable":true,"href":"http:\/\/paroquiagloria.org\/v2\/index.php?rest_route=%2Fwp%2Fv2%2Ftags&post=8768"}],"curies":[{"name":"wp","href":"https:\/\/api.w.org\/{rel}","templated":true}]}}