{"id":8766,"date":"2020-07-04T18:39:37","date_gmt":"2020-07-04T18:39:37","guid":{"rendered":"http:\/\/paroquiagloria.org\/v2\/?p=8766"},"modified":"2020-07-04T18:39:37","modified_gmt":"2020-07-04T18:39:37","slug":"ladainha-de-nossa-senhora","status":"publish","type":"post","link":"http:\/\/paroquiagloria.org\/v2\/?p=8766","title":{"rendered":"Ladainha  de Nossa Senhora"},"content":{"rendered":"<p>&nbsp;<\/p>\n<p><a href=\"http:\/\/paroquiagloria.org\/v2\/wp-content\/uploads\/2013\/02\/ladainhaNSra.jpg\"><img loading=\"lazy\" class=\"size-full wp-image-8761 aligncenter\" src=\"http:\/\/paroquiagloria.org\/v2\/wp-content\/uploads\/2013\/02\/ladainhaNSra.jpg\" alt=\"ladainhaNSra\" width=\"524\" height=\"768\" srcset=\"http:\/\/paroquiagloria.org\/v2\/wp-content\/uploads\/2013\/02\/ladainhaNSra.jpg 524w, http:\/\/paroquiagloria.org\/v2\/wp-content\/uploads\/2013\/02\/ladainhaNSra-205x300.jpg 205w\" sizes=\"(max-width: 524px) 100vw, 524px\" \/><\/a><\/p>\n<p>O Papa Francisco acrescentou, a 20 de junho de 2020, tr\u00eas novas invoca\u00e7\u00f5es \u00e0 ladainha de Nossa Senhora. As novas invoca\u00e7\u00f5es s\u00e3o &#8220;Mater Misericordiae&#8221; (M\u00e3e da Miseric\u00f3rdia), &#8220;Mater Spei&#8221; (M\u00e3e da Esperan\u00e7a) e &#8220;Solacium migrantium&#8221; (Conforto ou Ajuda dos Migrantes).<\/p>\n<p>&nbsp;<\/p>\n","protected":false},"excerpt":{"rendered":"<p>&nbsp; O Papa Francisco acrescentou, a 20 de junho de 2020, tr\u00eas novas invoca\u00e7\u00f5es \u00e0 ladainha de Nossa Senhora. As novas invoca\u00e7\u00f5es s\u00e3o &#8220;Mater Misericordiae&#8221; (M\u00e3e da Miseric\u00f3rdia), &#8220;Mater Spei&#8221; (M\u00e3e da Esperan\u00e7a) e &#8220;Solacium migrantium&#8221; (Conforto ou Ajuda dos Migrantes). &nbsp;<\/p>\n","protected":false},"author":1,"featured_media":8757,"comment_status":"open","ping_status":"closed","sticky":false,"template":"","format":"standard","meta":{"ngg_post_thumbnail":0},"categories":[1,4,2,6],"tags":[],"_links":{"self":[{"href":"http:\/\/paroquiagloria.org\/v2\/index.php?rest_route=\/wp\/v2\/posts\/8766"}],"collection":[{"href":"http:\/\/paroquiagloria.org\/v2\/index.php?rest_route=\/wp\/v2\/posts"}],"about":[{"href":"http:\/\/paroquiagloria.org\/v2\/index.php?rest_route=\/wp\/v2\/types\/post"}],"author":[{"embeddable":true,"href":"http:\/\/paroquiagloria.org\/v2\/index.php?rest_route=\/wp\/v2\/users\/1"}],"replies":[{"embeddable":true,"href":"http:\/\/paroquiagloria.org\/v2\/index.php?rest_route=%2Fwp%2Fv2%2Fcomments&post=8766"}],"version-history":[{"count":1,"href":"http:\/\/paroquiagloria.org\/v2\/index.php?rest_route=\/wp\/v2\/posts\/8766\/revisions"}],"predecessor-version":[{"id":8767,"href":"http:\/\/paroquiagloria.org\/v2\/index.php?rest_route=\/wp\/v2\/posts\/8766\/revisions\/8767"}],"wp:featuredmedia":[{"embeddable":true,"href":"http:\/\/paroquiagloria.org\/v2\/index.php?rest_route=\/wp\/v2\/media\/8757"}],"wp:attachment":[{"href":"http:\/\/paroquiagloria.org\/v2\/index.php?rest_route=%2Fwp%2Fv2%2Fmedia&parent=8766"}],"wp:term":[{"taxonomy":"category","embeddable":true,"href":"http:\/\/paroquiagloria.org\/v2\/index.php?rest_route=%2Fwp%2Fv2%2Fcategories&post=8766"},{"taxonomy":"post_tag","embeddable":true,"href":"http:\/\/paroquiagloria.org\/v2\/index.php?rest_route=%2Fwp%2Fv2%2Ftags&post=8766"}],"curies":[{"name":"wp","href":"https:\/\/api.w.org\/{rel}","templated":true}]}}