{"id":8746,"date":"2020-06-27T18:57:30","date_gmt":"2020-06-27T18:57:30","guid":{"rendered":"http:\/\/paroquiagloria.org\/v2\/?p=8746"},"modified":"2020-06-27T19:01:49","modified_gmt":"2020-06-27T19:01:49","slug":"novo-diretorio-para-a-catequese","status":"publish","type":"post","link":"http:\/\/paroquiagloria.org\/v2\/?p=8746","title":{"rendered":"Novo Diret\u00f3rio para a catequese"},"content":{"rendered":"<p>&nbsp;<\/p>\n<p><a href=\"http:\/\/paroquiagloria.org\/v2\/wp-content\/uploads\/2013\/02\/directorioGeralCatequese2020.jpg\"><img loading=\"lazy\" class=\"size-full wp-image-8740 aligncenter\" src=\"http:\/\/paroquiagloria.org\/v2\/wp-content\/uploads\/2013\/02\/directorioGeralCatequese2020.jpg\" alt=\"directorioGeralCatequese2020\" width=\"960\" height=\"450\" srcset=\"http:\/\/paroquiagloria.org\/v2\/wp-content\/uploads\/2013\/02\/directorioGeralCatequese2020.jpg 960w, http:\/\/paroquiagloria.org\/v2\/wp-content\/uploads\/2013\/02\/directorioGeralCatequese2020-300x141.jpg 300w\" sizes=\"(max-width: 960px) 100vw, 960px\" \/><\/a><\/p>\n<p>Apresentado esta quinta-feira no Vaticano, &#8220;o novo Diret\u00f3rio para a Catequese coloca &#8220;a via da beleza como uma das &#8220;fontes&#8221;&#8221; da transmiss\u00e3o da f\u00e9, num &#8220;momento de transi\u00e7\u00e3o cultural&#8221; marcado especialmente pela consolida\u00e7\u00e3o dos meios digitais.<br \/>\n&#8220;Uma nota de particular valor inovador para a catequese pode ser expressa pela via da beleza sobretudo para permitir conhecer o grande patrim\u00f3nio de arte, literatura e m\u00fasica que cada Igreja local possui&#8221;, declarou o presidente do Conselho Pontif\u00edcio para a Promo\u00e7\u00e3o da Nova Evangeliza\u00e7\u00e3o, respons\u00e1vel pelo volume.&#8221;<\/p>\n<p>&nbsp;<\/p>\n<p>MAIS NOT\u00cdCIAS:\u00a0\u00a0<a href=\"https:\/\/agencia.ecclesia.pt\/portal\/igreja-vaticano-apresenta-novo-diretorio-para-a-catequese-do-seculo-xxi\/?fbclid=IwAR1XiQbxn158U6r2NA51QBsvMmTtOC0LdSBXw4nCAXPmiPA-V_r2sdsevQU\" target=\"_blank\">Ecclesia<\/a><\/p>\n","protected":false},"excerpt":{"rendered":"<p>&nbsp; Apresentado esta quinta-feira no Vaticano, &#8220;o novo Diret\u00f3rio para a Catequese coloca &#8220;a via da beleza como uma das &#8220;fontes&#8221;&#8221; da transmiss\u00e3o da f\u00e9, num &#8220;momento de transi\u00e7\u00e3o cultural&#8221; marcado especialmente pela consolida\u00e7\u00e3o dos meios digitais. &#8220;Uma nota de particular valor inovador para a catequese pode ser expressa pela via da beleza sobretudo para [&hellip;]<\/p>\n","protected":false},"author":1,"featured_media":8740,"comment_status":"open","ping_status":"closed","sticky":false,"template":"","format":"standard","meta":{"ngg_post_thumbnail":0},"categories":[1,4,2,6,22],"tags":[],"_links":{"self":[{"href":"http:\/\/paroquiagloria.org\/v2\/index.php?rest_route=\/wp\/v2\/posts\/8746"}],"collection":[{"href":"http:\/\/paroquiagloria.org\/v2\/index.php?rest_route=\/wp\/v2\/posts"}],"about":[{"href":"http:\/\/paroquiagloria.org\/v2\/index.php?rest_route=\/wp\/v2\/types\/post"}],"author":[{"embeddable":true,"href":"http:\/\/paroquiagloria.org\/v2\/index.php?rest_route=\/wp\/v2\/users\/1"}],"replies":[{"embeddable":true,"href":"http:\/\/paroquiagloria.org\/v2\/index.php?rest_route=%2Fwp%2Fv2%2Fcomments&post=8746"}],"version-history":[{"count":3,"href":"http:\/\/paroquiagloria.org\/v2\/index.php?rest_route=\/wp\/v2\/posts\/8746\/revisions"}],"predecessor-version":[{"id":8752,"href":"http:\/\/paroquiagloria.org\/v2\/index.php?rest_route=\/wp\/v2\/posts\/8746\/revisions\/8752"}],"wp:featuredmedia":[{"embeddable":true,"href":"http:\/\/paroquiagloria.org\/v2\/index.php?rest_route=\/wp\/v2\/media\/8740"}],"wp:attachment":[{"href":"http:\/\/paroquiagloria.org\/v2\/index.php?rest_route=%2Fwp%2Fv2%2Fmedia&parent=8746"}],"wp:term":[{"taxonomy":"category","embeddable":true,"href":"http:\/\/paroquiagloria.org\/v2\/index.php?rest_route=%2Fwp%2Fv2%2Fcategories&post=8746"},{"taxonomy":"post_tag","embeddable":true,"href":"http:\/\/paroquiagloria.org\/v2\/index.php?rest_route=%2Fwp%2Fv2%2Ftags&post=8746"}],"curies":[{"name":"wp","href":"https:\/\/api.w.org\/{rel}","templated":true}]}}