{"id":8744,"date":"2020-06-27T18:56:47","date_gmt":"2020-06-27T18:56:47","guid":{"rendered":"http:\/\/paroquiagloria.org\/v2\/?p=8744"},"modified":"2020-06-27T18:56:47","modified_gmt":"2020-06-27T18:56:47","slug":"a-missa-nao-tem-ferias","status":"publish","type":"post","link":"http:\/\/paroquiagloria.org\/v2\/?p=8744","title":{"rendered":"A Missa n\u00e3o tem f\u00e9rias"},"content":{"rendered":"<p>&nbsp;<\/p>\n<p><a href=\"http:\/\/paroquiagloria.org\/v2\/wp-content\/uploads\/2013\/02\/bnanner_eurezoemcasa_1-17.jpg\"><img loading=\"lazy\" class=\"size-full wp-image-8737 aligncenter\" src=\"http:\/\/paroquiagloria.org\/v2\/wp-content\/uploads\/2013\/02\/bnanner_eurezoemcasa_1-17.jpg\" alt=\"bnanner_eurezoemcasa_1-17\" width=\"960\" height=\"450\" srcset=\"http:\/\/paroquiagloria.org\/v2\/wp-content\/uploads\/2013\/02\/bnanner_eurezoemcasa_1-17.jpg 960w, http:\/\/paroquiagloria.org\/v2\/wp-content\/uploads\/2013\/02\/bnanner_eurezoemcasa_1-17-300x141.jpg 300w\" sizes=\"(max-width: 960px) 100vw, 960px\" \/><\/a><\/p>\n<p>Terminaram esta semana as aulas e come\u00e7aram as f\u00e9rias. E para o ano? Ao certo ningu\u00e9m sabe, apesar do calend\u00e1rio j\u00e1 anunciado pelo Minist\u00e9rio da Educa\u00e7\u00e3o. Mas tudo isto \u00e9 bem pouco para responder \u00e0s leg\u00edtimas inquieta\u00e7\u00f5es dos Pais.<br \/>\nE na Catequese? Neste campo as certezas s\u00e3o ainda menos. S\u00e3o mesmo inexistentes no que se refere ao come\u00e7o. Mas vamos ter novidades.<br \/>\nHaver\u00e1 um novo Diret\u00f3rio Geral da Catequese a desafiar Pais e Catequistas.<br \/>\nCom novos conte\u00fados, meios e metodologias, o novo Diret\u00f3rio Geral n\u00e3o dispensar\u00e1 jamais os Catequizandos da participa\u00e7\u00e3o dominical na Eucaristia e da presen\u00e7a em cada sess\u00e3o de catequese, trar\u00e1 aos Catequistas desafios \u00e0 sua forma\u00e7\u00e3o permanente, e h\u00e1-de continuar a considerar, apesar de todas as dificuldades, a Fam\u00edlia, como espa\u00e7o privilegiado em todo o processo catequ\u00e9tico.<br \/>\nPor mais incertezas quanto \u00e0 Catequese, no futuro, n\u00e3o nos dispensemos, mesmo em tempo de f\u00e9rias, de participar, em fam\u00edlia, na Eucaristia Dominical. Sempre com os devidos cuidados, mas sem medo.<\/p>\n","protected":false},"excerpt":{"rendered":"<p>&nbsp; Terminaram esta semana as aulas e come\u00e7aram as f\u00e9rias. E para o ano? Ao certo ningu\u00e9m sabe, apesar do calend\u00e1rio j\u00e1 anunciado pelo Minist\u00e9rio da Educa\u00e7\u00e3o. Mas tudo isto \u00e9 bem pouco para responder \u00e0s leg\u00edtimas inquieta\u00e7\u00f5es dos Pais. E na Catequese? Neste campo as certezas s\u00e3o ainda menos. S\u00e3o mesmo inexistentes no que [&hellip;]<\/p>\n","protected":false},"author":1,"featured_media":8737,"comment_status":"open","ping_status":"closed","sticky":false,"template":"","format":"standard","meta":{"ngg_post_thumbnail":0},"categories":[1,4,2,6,22],"tags":[],"_links":{"self":[{"href":"http:\/\/paroquiagloria.org\/v2\/index.php?rest_route=\/wp\/v2\/posts\/8744"}],"collection":[{"href":"http:\/\/paroquiagloria.org\/v2\/index.php?rest_route=\/wp\/v2\/posts"}],"about":[{"href":"http:\/\/paroquiagloria.org\/v2\/index.php?rest_route=\/wp\/v2\/types\/post"}],"author":[{"embeddable":true,"href":"http:\/\/paroquiagloria.org\/v2\/index.php?rest_route=\/wp\/v2\/users\/1"}],"replies":[{"embeddable":true,"href":"http:\/\/paroquiagloria.org\/v2\/index.php?rest_route=%2Fwp%2Fv2%2Fcomments&post=8744"}],"version-history":[{"count":1,"href":"http:\/\/paroquiagloria.org\/v2\/index.php?rest_route=\/wp\/v2\/posts\/8744\/revisions"}],"predecessor-version":[{"id":8745,"href":"http:\/\/paroquiagloria.org\/v2\/index.php?rest_route=\/wp\/v2\/posts\/8744\/revisions\/8745"}],"wp:featuredmedia":[{"embeddable":true,"href":"http:\/\/paroquiagloria.org\/v2\/index.php?rest_route=\/wp\/v2\/media\/8737"}],"wp:attachment":[{"href":"http:\/\/paroquiagloria.org\/v2\/index.php?rest_route=%2Fwp%2Fv2%2Fmedia&parent=8744"}],"wp:term":[{"taxonomy":"category","embeddable":true,"href":"http:\/\/paroquiagloria.org\/v2\/index.php?rest_route=%2Fwp%2Fv2%2Fcategories&post=8744"},{"taxonomy":"post_tag","embeddable":true,"href":"http:\/\/paroquiagloria.org\/v2\/index.php?rest_route=%2Fwp%2Fv2%2Ftags&post=8744"}],"curies":[{"name":"wp","href":"https:\/\/api.w.org\/{rel}","templated":true}]}}