{"id":8742,"date":"2020-06-27T18:54:59","date_gmt":"2020-06-27T18:54:59","guid":{"rendered":"http:\/\/paroquiagloria.org\/v2\/?p=8742"},"modified":"2020-06-27T18:54:59","modified_gmt":"2020-06-27T18:54:59","slug":"2020-2021-ano-especial-de-aniversario-da-laudato-si","status":"publish","type":"post","link":"http:\/\/paroquiagloria.org\/v2\/?p=8742","title":{"rendered":"2020-2021: Ano especial de anivers\u00e1rio da Laudato si&#8217;"},"content":{"rendered":"<p><a href=\"http:\/\/paroquiagloria.org\/v2\/wp-content\/uploads\/2013\/02\/F_LaudatoSi.jpg\"><img loading=\"lazy\" class=\"size-full wp-image-8739 aligncenter\" src=\"http:\/\/paroquiagloria.org\/v2\/wp-content\/uploads\/2013\/02\/F_LaudatoSi.jpg\" alt=\"F_LaudatoSi\" width=\"957\" height=\"337\" srcset=\"http:\/\/paroquiagloria.org\/v2\/wp-content\/uploads\/2013\/02\/F_LaudatoSi.jpg 957w, http:\/\/paroquiagloria.org\/v2\/wp-content\/uploads\/2013\/02\/F_LaudatoSi-300x106.jpg 300w\" sizes=\"(max-width: 957px) 100vw, 957px\" \/><\/a><\/p>\n<p>&nbsp;<\/p>\n<p>No quinto anivers\u00e1rio da Enc\u00edclica <em>Laudato si&#8217;<\/em>, (24 de maio) com a qual se procurou chamar a aten\u00e7\u00e3o para o grito da Terra e dos pobres iniciou um Ano especial de anivers\u00e1rio da <em>Laudato si&#8217;<\/em>, at\u00e9 24 de maio do pr\u00f3ximo ano. Este ano ir\u00e1 procurar consciencializar todas as pessoas de boa vontade a aderirem ao cuidado da nossa casa comum e dos nossos irm\u00e3os e irm\u00e3s mais fr\u00e1geis.<\/p>\n","protected":false},"excerpt":{"rendered":"<p>&nbsp; No quinto anivers\u00e1rio da Enc\u00edclica Laudato si&#8217;, (24 de maio) com a qual se procurou chamar a aten\u00e7\u00e3o para o grito da Terra e dos pobres iniciou um Ano especial de anivers\u00e1rio da Laudato si&#8217;, at\u00e9 24 de maio do pr\u00f3ximo ano. Este ano ir\u00e1 procurar consciencializar todas as pessoas de boa vontade a [&hellip;]<\/p>\n","protected":false},"author":1,"featured_media":8736,"comment_status":"open","ping_status":"closed","sticky":false,"template":"","format":"standard","meta":{"ngg_post_thumbnail":0},"categories":[1,4,2,6,22],"tags":[],"_links":{"self":[{"href":"http:\/\/paroquiagloria.org\/v2\/index.php?rest_route=\/wp\/v2\/posts\/8742"}],"collection":[{"href":"http:\/\/paroquiagloria.org\/v2\/index.php?rest_route=\/wp\/v2\/posts"}],"about":[{"href":"http:\/\/paroquiagloria.org\/v2\/index.php?rest_route=\/wp\/v2\/types\/post"}],"author":[{"embeddable":true,"href":"http:\/\/paroquiagloria.org\/v2\/index.php?rest_route=\/wp\/v2\/users\/1"}],"replies":[{"embeddable":true,"href":"http:\/\/paroquiagloria.org\/v2\/index.php?rest_route=%2Fwp%2Fv2%2Fcomments&post=8742"}],"version-history":[{"count":1,"href":"http:\/\/paroquiagloria.org\/v2\/index.php?rest_route=\/wp\/v2\/posts\/8742\/revisions"}],"predecessor-version":[{"id":8743,"href":"http:\/\/paroquiagloria.org\/v2\/index.php?rest_route=\/wp\/v2\/posts\/8742\/revisions\/8743"}],"wp:featuredmedia":[{"embeddable":true,"href":"http:\/\/paroquiagloria.org\/v2\/index.php?rest_route=\/wp\/v2\/media\/8736"}],"wp:attachment":[{"href":"http:\/\/paroquiagloria.org\/v2\/index.php?rest_route=%2Fwp%2Fv2%2Fmedia&parent=8742"}],"wp:term":[{"taxonomy":"category","embeddable":true,"href":"http:\/\/paroquiagloria.org\/v2\/index.php?rest_route=%2Fwp%2Fv2%2Fcategories&post=8742"},{"taxonomy":"post_tag","embeddable":true,"href":"http:\/\/paroquiagloria.org\/v2\/index.php?rest_route=%2Fwp%2Fv2%2Ftags&post=8742"}],"curies":[{"name":"wp","href":"https:\/\/api.w.org\/{rel}","templated":true}]}}