{"id":8729,"date":"2020-06-20T19:11:39","date_gmt":"2020-06-20T19:11:39","guid":{"rendered":"http:\/\/paroquiagloria.org\/v2\/?p=8729"},"modified":"2020-06-20T19:11:39","modified_gmt":"2020-06-20T19:11:39","slug":"cuidado-mas-nao-tanto","status":"publish","type":"post","link":"http:\/\/paroquiagloria.org\/v2\/?p=8729","title":{"rendered":"Cuidado, mas n\u00e3o tanto!"},"content":{"rendered":"<p><a href=\"http:\/\/paroquiagloria.org\/v2\/wp-content\/uploads\/2020\/06\/SeAv_PosPademia.jpg\"><img loading=\"lazy\" class=\"size-full wp-image-8684 aligncenter\" src=\"http:\/\/paroquiagloria.org\/v2\/wp-content\/uploads\/2020\/06\/SeAv_PosPademia.jpg\" alt=\"SeAv_PosPademia\" width=\"960\" height=\"230\" srcset=\"http:\/\/paroquiagloria.org\/v2\/wp-content\/uploads\/2020\/06\/SeAv_PosPademia.jpg 960w, http:\/\/paroquiagloria.org\/v2\/wp-content\/uploads\/2020\/06\/SeAv_PosPademia-300x72.jpg 300w\" sizes=\"(max-width: 960px) 100vw, 960px\" \/><\/a><\/p>\n<p>&nbsp;<\/p>\n<p style=\"text-align: justify;\">Desde o dia 30 de Maio que a nossa Igreja mant\u00e9m abertas as suas portas ao culto habitual, mas, do n\u00famero dos que n\u00e3o se dispensam da Missa, ao Domingo ou \u00e0 semana, a aus\u00eancia dos mais novos \u00e9 bem not\u00f3ria.<br \/>\nA verdade \u00e9 que a Palavra de Deus \u00e9 para todos e que Jesus &#8211; Eucaristia \u00e9 alimento para os mais velhos e para mais novos.<br \/>\nSe \u00e9 certo que h\u00e1 cuidados que limitam o n\u00famero dos que n\u00e3o se dispensam da Eucaristia, n\u00e3o \u00e9 menos certo que os caminhos que levam \u00e0 Igreja se tornam, quando n\u00e3o percorridos, mais \u00e1speros e menos apetec\u00edveis, como os trilhos n\u00e3o usados, onde crescem o mato e as silvas. As palavras de Jesus no Evangelho deste domingo s\u00e3o claras ao tranquilizar os disc\u00edpulos de todos os tempos, mas n\u00e3o deixam de ser tamb\u00e9m condena\u00e7\u00e3o das nossas pusilanimidades e das nossas &#8220;prud\u00eancias&#8221;&#8230; com que nos vamos justificando.<\/p>\n<p>&nbsp;<\/p>\n<p>&nbsp;<\/p>\n","protected":false},"excerpt":{"rendered":"<p>&nbsp; Desde o dia 30 de Maio que a nossa Igreja mant\u00e9m abertas as suas portas ao culto habitual, mas, do n\u00famero dos que n\u00e3o se dispensam da Missa, ao Domingo ou \u00e0 semana, a aus\u00eancia dos mais novos \u00e9 bem not\u00f3ria. A verdade \u00e9 que a Palavra de Deus \u00e9 para todos e que [&hellip;]<\/p>\n","protected":false},"author":1,"featured_media":8649,"comment_status":"open","ping_status":"closed","sticky":false,"template":"","format":"standard","meta":{"ngg_post_thumbnail":0},"categories":[1,4,2,6],"tags":[],"_links":{"self":[{"href":"http:\/\/paroquiagloria.org\/v2\/index.php?rest_route=\/wp\/v2\/posts\/8729"}],"collection":[{"href":"http:\/\/paroquiagloria.org\/v2\/index.php?rest_route=\/wp\/v2\/posts"}],"about":[{"href":"http:\/\/paroquiagloria.org\/v2\/index.php?rest_route=\/wp\/v2\/types\/post"}],"author":[{"embeddable":true,"href":"http:\/\/paroquiagloria.org\/v2\/index.php?rest_route=\/wp\/v2\/users\/1"}],"replies":[{"embeddable":true,"href":"http:\/\/paroquiagloria.org\/v2\/index.php?rest_route=%2Fwp%2Fv2%2Fcomments&post=8729"}],"version-history":[{"count":1,"href":"http:\/\/paroquiagloria.org\/v2\/index.php?rest_route=\/wp\/v2\/posts\/8729\/revisions"}],"predecessor-version":[{"id":8730,"href":"http:\/\/paroquiagloria.org\/v2\/index.php?rest_route=\/wp\/v2\/posts\/8729\/revisions\/8730"}],"wp:featuredmedia":[{"embeddable":true,"href":"http:\/\/paroquiagloria.org\/v2\/index.php?rest_route=\/wp\/v2\/media\/8649"}],"wp:attachment":[{"href":"http:\/\/paroquiagloria.org\/v2\/index.php?rest_route=%2Fwp%2Fv2%2Fmedia&parent=8729"}],"wp:term":[{"taxonomy":"category","embeddable":true,"href":"http:\/\/paroquiagloria.org\/v2\/index.php?rest_route=%2Fwp%2Fv2%2Fcategories&post=8729"},{"taxonomy":"post_tag","embeddable":true,"href":"http:\/\/paroquiagloria.org\/v2\/index.php?rest_route=%2Fwp%2Fv2%2Ftags&post=8729"}],"curies":[{"name":"wp","href":"https:\/\/api.w.org\/{rel}","templated":true}]}}