{"id":8727,"date":"2020-06-20T19:10:37","date_gmt":"2020-06-20T19:10:37","guid":{"rendered":"http:\/\/paroquiagloria.org\/v2\/?p=8727"},"modified":"2020-06-20T19:10:37","modified_gmt":"2020-06-20T19:10:37","slug":"missa-crismal","status":"publish","type":"post","link":"http:\/\/paroquiagloria.org\/v2\/?p=8727","title":{"rendered":"Missa Crismal"},"content":{"rendered":"<p><a href=\"http:\/\/paroquiagloria.org\/v2\/wp-content\/uploads\/2020\/06\/crisma_2020.jpg\"><img loading=\"lazy\" class=\"size-large wp-image-8719 aligncenter\" src=\"http:\/\/paroquiagloria.org\/v2\/wp-content\/uploads\/2020\/06\/crisma_2020-1024x678.jpg\" alt=\"crisma_2020\" width=\"1024\" height=\"678\" srcset=\"http:\/\/paroquiagloria.org\/v2\/wp-content\/uploads\/2020\/06\/crisma_2020-1024x678.jpg 1024w, http:\/\/paroquiagloria.org\/v2\/wp-content\/uploads\/2020\/06\/crisma_2020-300x199.jpg 300w, http:\/\/paroquiagloria.org\/v2\/wp-content\/uploads\/2020\/06\/crisma_2020-207x136.jpg 207w, http:\/\/paroquiagloria.org\/v2\/wp-content\/uploads\/2020\/06\/crisma_2020-140x94.jpg 140w, http:\/\/paroquiagloria.org\/v2\/wp-content\/uploads\/2020\/06\/crisma_2020.jpg 1280w\" sizes=\"(max-width: 1024px) 100vw, 1024px\" \/><\/a><\/p>\n<p>&nbsp;<\/p>\n<p>O bispo de Aveiro disse na homilia da Solenidade do Sagrado Cora\u00e7\u00e3o de Jesus, que o futuro \u201cest\u00e1 carregado de incertezas e ningu\u00e9m pode afirmar que tudo est\u00e1 ultrapassado\u201d.<br \/>\nNa celebra\u00e7\u00e3o da Missa Crismal, a que presidiu na S\u00e9 de Aveiro, D. Ant\u00f3nio Moiteiro alertou tamb\u00e9m para o aumento das desigualdades econ\u00f3micas devido \u00e0 pandemia e que \u201cos mais pobres vivem cada vez com menos recursos\u201d.<br \/>\nO futuro vai \u201ctrazer novos desafios \u00e0 conviv\u00eancia em sociedade\u201d e mesmo na \u201cvida da Igreja, o presente j\u00e1 n\u00e3o tem nada que ver com a normalidade de h\u00e1 tr\u00eas meses\u201d, referiu.<br \/>\nAos padres e consagrados, o bispo de Aveiro pediu uma aten\u00e7\u00e3o redobrada aos \u201cnovos desafios\u201d depois de \u201ctr\u00eas meses de confinamento, com medo da pandemia, com as igrejas fechadas por respeito \u00e0s regras de sa\u00fade\u201d.<br \/>\n\u201cA vida pastoral das par\u00f3quias ficou profundamente alterada\u201d, afirmou.<br \/>\nfontes:\u00a0<a href=\"https:\/\/agencia.ecclesia.pt\/portal\/aveiro-bispo-alerta-para-aumento-da-pobreza-em-tempos-de-pandemia\/\" target=\"_blank\">ECCLESIA <\/a>; <a href=\"http:\/\/www.diocese-aveiro.pt\/v2\/?p=19451&amp;fbclid=IwAR2w1Us-Owp7sCpKw-JHveBFSZD2PDYhMtJ58WNyYt-5_1groP4W75Pg0ms#.XuyWDnfDYpU.facebook\" target=\"_blank\">DIOCESE DE AVEIRO<\/a><\/p>\n","protected":false},"excerpt":{"rendered":"<p>&nbsp; O bispo de Aveiro disse na homilia da Solenidade do Sagrado Cora\u00e7\u00e3o de Jesus, que o futuro \u201cest\u00e1 carregado de incertezas e ningu\u00e9m pode afirmar que tudo est\u00e1 ultrapassado\u201d. Na celebra\u00e7\u00e3o da Missa Crismal, a que presidiu na S\u00e9 de Aveiro, D. Ant\u00f3nio Moiteiro alertou tamb\u00e9m para o aumento das desigualdades econ\u00f3micas devido \u00e0 [&hellip;]<\/p>\n","protected":false},"author":1,"featured_media":8717,"comment_status":"open","ping_status":"closed","sticky":false,"template":"","format":"standard","meta":{"ngg_post_thumbnail":0},"categories":[1,4,2,6,22],"tags":[],"_links":{"self":[{"href":"http:\/\/paroquiagloria.org\/v2\/index.php?rest_route=\/wp\/v2\/posts\/8727"}],"collection":[{"href":"http:\/\/paroquiagloria.org\/v2\/index.php?rest_route=\/wp\/v2\/posts"}],"about":[{"href":"http:\/\/paroquiagloria.org\/v2\/index.php?rest_route=\/wp\/v2\/types\/post"}],"author":[{"embeddable":true,"href":"http:\/\/paroquiagloria.org\/v2\/index.php?rest_route=\/wp\/v2\/users\/1"}],"replies":[{"embeddable":true,"href":"http:\/\/paroquiagloria.org\/v2\/index.php?rest_route=%2Fwp%2Fv2%2Fcomments&post=8727"}],"version-history":[{"count":1,"href":"http:\/\/paroquiagloria.org\/v2\/index.php?rest_route=\/wp\/v2\/posts\/8727\/revisions"}],"predecessor-version":[{"id":8728,"href":"http:\/\/paroquiagloria.org\/v2\/index.php?rest_route=\/wp\/v2\/posts\/8727\/revisions\/8728"}],"wp:featuredmedia":[{"embeddable":true,"href":"http:\/\/paroquiagloria.org\/v2\/index.php?rest_route=\/wp\/v2\/media\/8717"}],"wp:attachment":[{"href":"http:\/\/paroquiagloria.org\/v2\/index.php?rest_route=%2Fwp%2Fv2%2Fmedia&parent=8727"}],"wp:term":[{"taxonomy":"category","embeddable":true,"href":"http:\/\/paroquiagloria.org\/v2\/index.php?rest_route=%2Fwp%2Fv2%2Fcategories&post=8727"},{"taxonomy":"post_tag","embeddable":true,"href":"http:\/\/paroquiagloria.org\/v2\/index.php?rest_route=%2Fwp%2Fv2%2Ftags&post=8727"}],"curies":[{"name":"wp","href":"https:\/\/api.w.org\/{rel}","templated":true}]}}