{"id":8706,"date":"2020-06-13T19:19:21","date_gmt":"2020-06-13T19:19:21","guid":{"rendered":"http:\/\/paroquiagloria.org\/v2\/?p=8706"},"modified":"2020-06-13T19:19:21","modified_gmt":"2020-06-13T19:19:21","slug":"reabrir-com-cuidado-3","status":"publish","type":"post","link":"http:\/\/paroquiagloria.org\/v2\/?p=8706","title":{"rendered":"Reabrir com cuidado ! (3)"},"content":{"rendered":"<p><a href=\"http:\/\/paroquiagloria.org\/v2\/wp-content\/uploads\/2020\/06\/SeAv_PosPademia.jpg\"><img loading=\"lazy\" class=\"alignnone size-full wp-image-8684\" src=\"http:\/\/paroquiagloria.org\/v2\/wp-content\/uploads\/2020\/06\/SeAv_PosPademia.jpg\" alt=\"SeAv_PosPademia\" width=\"960\" height=\"230\" srcset=\"http:\/\/paroquiagloria.org\/v2\/wp-content\/uploads\/2020\/06\/SeAv_PosPademia.jpg 960w, http:\/\/paroquiagloria.org\/v2\/wp-content\/uploads\/2020\/06\/SeAv_PosPademia-300x72.jpg 300w\" sizes=\"(max-width: 960px) 100vw, 960px\" \/><\/a><\/p>\n<p>&nbsp;<\/p>\n<p>No processo de reabertura das nossas Igrejas ao culto, nem tudo corre conforme as normas da Confer\u00eancia Episcopal Portuguesa. Tamb\u00e9m na nossa Par\u00f3quia a interioriza\u00e7\u00e3o de procedimentos para melhorar a qualidade das celebra\u00e7\u00f5es leva o seu tempo e exige de cada um de n\u00f3s aten\u00e7\u00e3o redobrada, em alguns aspectos.<br \/>\nAqui chegados,<\/p>\n<p style=\"padding-left: 60px;\">\u2022 &#8220;Convidam-se fi\u00e9is pertencentes a grupos de risco a n\u00e3o frequentar a Missa dominical; por raz\u00f5es imperiosas, poder\u00e3o ir \u00e0 Missa durante a semana, em que h\u00e1 menos fi\u00e9is&#8221;.<br \/>\n\u2022 A ocupa\u00e7\u00e3o da Igreja deve fazer-se a partir do altar, e n\u00e3o da porta de entrada, dispensando, deste modo, as pessoas que chegam por \u00faltimo, do inc\u00f3modo de procurar cadeira para se sentarem.<br \/>\n\u2022 Na Consagra\u00e7\u00e3o, quem n\u00e3o ajoelha deve fazer uma inclina\u00e7\u00e3o profunda, no momento da genuflex\u00e3o do celebrante.<br \/>\n\u2022 O di\u00e1logo individual da Comunh\u00e3o (<em>&#8220;Corpo de Cristo&#8221; &#8211; &#8220;Amen&#8221;<\/em> ) pronunciar&#8211;se-\u00e1 de forma colectiva depois da resposta <em>&#8220;Senhor, eu n\u00e3o sou digno&#8230;&#8221;<\/em>, distribuindo-se a Eucaristia em sil\u00eancio.<br \/>\n\u2022 No final das Celebra\u00e7\u00f5es os fi\u00e9is deixam a Igreja, a come\u00e7ar pelos sentados mais perto da porta, respeitam as regras de distanciamento e n\u00e3o se aglomeram no adro.<\/p>\n","protected":false},"excerpt":{"rendered":"<p>&nbsp; No processo de reabertura das nossas Igrejas ao culto, nem tudo corre conforme as normas da Confer\u00eancia Episcopal Portuguesa. Tamb\u00e9m na nossa Par\u00f3quia a interioriza\u00e7\u00e3o de procedimentos para melhorar a qualidade das celebra\u00e7\u00f5es leva o seu tempo e exige de cada um de n\u00f3s aten\u00e7\u00e3o redobrada, em alguns aspectos. Aqui chegados, \u2022 &#8220;Convidam-se fi\u00e9is [&hellip;]<\/p>\n","protected":false},"author":1,"featured_media":8649,"comment_status":"open","ping_status":"closed","sticky":false,"template":"","format":"standard","meta":{"ngg_post_thumbnail":0},"categories":[1,4,2,6],"tags":[],"_links":{"self":[{"href":"http:\/\/paroquiagloria.org\/v2\/index.php?rest_route=\/wp\/v2\/posts\/8706"}],"collection":[{"href":"http:\/\/paroquiagloria.org\/v2\/index.php?rest_route=\/wp\/v2\/posts"}],"about":[{"href":"http:\/\/paroquiagloria.org\/v2\/index.php?rest_route=\/wp\/v2\/types\/post"}],"author":[{"embeddable":true,"href":"http:\/\/paroquiagloria.org\/v2\/index.php?rest_route=\/wp\/v2\/users\/1"}],"replies":[{"embeddable":true,"href":"http:\/\/paroquiagloria.org\/v2\/index.php?rest_route=%2Fwp%2Fv2%2Fcomments&post=8706"}],"version-history":[{"count":1,"href":"http:\/\/paroquiagloria.org\/v2\/index.php?rest_route=\/wp\/v2\/posts\/8706\/revisions"}],"predecessor-version":[{"id":8707,"href":"http:\/\/paroquiagloria.org\/v2\/index.php?rest_route=\/wp\/v2\/posts\/8706\/revisions\/8707"}],"wp:featuredmedia":[{"embeddable":true,"href":"http:\/\/paroquiagloria.org\/v2\/index.php?rest_route=\/wp\/v2\/media\/8649"}],"wp:attachment":[{"href":"http:\/\/paroquiagloria.org\/v2\/index.php?rest_route=%2Fwp%2Fv2%2Fmedia&parent=8706"}],"wp:term":[{"taxonomy":"category","embeddable":true,"href":"http:\/\/paroquiagloria.org\/v2\/index.php?rest_route=%2Fwp%2Fv2%2Fcategories&post=8706"},{"taxonomy":"post_tag","embeddable":true,"href":"http:\/\/paroquiagloria.org\/v2\/index.php?rest_route=%2Fwp%2Fv2%2Ftags&post=8706"}],"curies":[{"name":"wp","href":"https:\/\/api.w.org\/{rel}","templated":true}]}}