{"id":8704,"date":"2020-06-13T19:17:52","date_gmt":"2020-06-13T19:17:52","guid":{"rendered":"http:\/\/paroquiagloria.org\/v2\/?p=8704"},"modified":"2020-06-13T19:17:52","modified_gmt":"2020-06-13T19:17:52","slug":"projecto-maos-de-sao-francisco","status":"publish","type":"post","link":"http:\/\/paroquiagloria.org\/v2\/?p=8704","title":{"rendered":"Projecto M\u00e3os de S\u00e3o Francisco"},"content":{"rendered":"<p><a href=\"http:\/\/paroquiagloria.org\/v2\/wp-content\/uploads\/2020\/06\/maossaofrancisco.jpg\"><img loading=\"lazy\" class=\"size-full wp-image-8699 aligncenter\" src=\"http:\/\/paroquiagloria.org\/v2\/wp-content\/uploads\/2020\/06\/maossaofrancisco.jpg\" alt=\"maossaofrancisco\" width=\"945\" height=\"923\" srcset=\"http:\/\/paroquiagloria.org\/v2\/wp-content\/uploads\/2020\/06\/maossaofrancisco.jpg 945w, http:\/\/paroquiagloria.org\/v2\/wp-content\/uploads\/2020\/06\/maossaofrancisco-300x293.jpg 300w\" sizes=\"(max-width: 945px) 100vw, 945px\" \/><\/a><\/p>\n<p>&nbsp;<\/p>\n<p>Os franciscanos de Aveiro, est\u00e3o todos os s\u00e1bados, das 14h30 \u00e0s 18h, nas Igrejas de Santo Ant\u00f3nio e S\u00e3o Francisco, junto \u00e0 Judici\u00e1ria e Parque da cidade, a receber donativos e alimentos, para fam\u00edlias carenciadas.<br \/>\nO n\u00famero de pedidos aumentou, e as necessidades tamb\u00e9m, especialmente das crian\u00e7as.<br \/>\n<strong>Agradecemos a vossa generosidade.<\/strong><\/p>\n","protected":false},"excerpt":{"rendered":"<p>&nbsp; Os franciscanos de Aveiro, est\u00e3o todos os s\u00e1bados, das 14h30 \u00e0s 18h, nas Igrejas de Santo Ant\u00f3nio e S\u00e3o Francisco, junto \u00e0 Judici\u00e1ria e Parque da cidade, a receber donativos e alimentos, para fam\u00edlias carenciadas. O n\u00famero de pedidos aumentou, e as necessidades tamb\u00e9m, especialmente das crian\u00e7as. Agradecemos a vossa generosidade.<\/p>\n","protected":false},"author":1,"featured_media":8697,"comment_status":"open","ping_status":"closed","sticky":false,"template":"","format":"standard","meta":{"ngg_post_thumbnail":0},"categories":[1,4,2,6],"tags":[],"_links":{"self":[{"href":"http:\/\/paroquiagloria.org\/v2\/index.php?rest_route=\/wp\/v2\/posts\/8704"}],"collection":[{"href":"http:\/\/paroquiagloria.org\/v2\/index.php?rest_route=\/wp\/v2\/posts"}],"about":[{"href":"http:\/\/paroquiagloria.org\/v2\/index.php?rest_route=\/wp\/v2\/types\/post"}],"author":[{"embeddable":true,"href":"http:\/\/paroquiagloria.org\/v2\/index.php?rest_route=\/wp\/v2\/users\/1"}],"replies":[{"embeddable":true,"href":"http:\/\/paroquiagloria.org\/v2\/index.php?rest_route=%2Fwp%2Fv2%2Fcomments&post=8704"}],"version-history":[{"count":1,"href":"http:\/\/paroquiagloria.org\/v2\/index.php?rest_route=\/wp\/v2\/posts\/8704\/revisions"}],"predecessor-version":[{"id":8705,"href":"http:\/\/paroquiagloria.org\/v2\/index.php?rest_route=\/wp\/v2\/posts\/8704\/revisions\/8705"}],"wp:featuredmedia":[{"embeddable":true,"href":"http:\/\/paroquiagloria.org\/v2\/index.php?rest_route=\/wp\/v2\/media\/8697"}],"wp:attachment":[{"href":"http:\/\/paroquiagloria.org\/v2\/index.php?rest_route=%2Fwp%2Fv2%2Fmedia&parent=8704"}],"wp:term":[{"taxonomy":"category","embeddable":true,"href":"http:\/\/paroquiagloria.org\/v2\/index.php?rest_route=%2Fwp%2Fv2%2Fcategories&post=8704"},{"taxonomy":"post_tag","embeddable":true,"href":"http:\/\/paroquiagloria.org\/v2\/index.php?rest_route=%2Fwp%2Fv2%2Ftags&post=8704"}],"curies":[{"name":"wp","href":"https:\/\/api.w.org\/{rel}","templated":true}]}}