{"id":8702,"date":"2020-06-13T19:17:07","date_gmt":"2020-06-13T19:17:07","guid":{"rendered":"http:\/\/paroquiagloria.org\/v2\/?p=8702"},"modified":"2020-06-13T19:17:07","modified_gmt":"2020-06-13T19:17:07","slug":"catequese-actividade-para-esta-semana","status":"publish","type":"post","link":"http:\/\/paroquiagloria.org\/v2\/?p=8702","title":{"rendered":"CATEQUESE &#8211; actividade para esta semana"},"content":{"rendered":"<p>&nbsp;<\/p>\n<p><a href=\"http:\/\/paroquiagloria.org\/v2\/wp-content\/uploads\/2020\/06\/catequese_sagardocoracao.jpg\"><img loading=\"lazy\" class=\"size-full wp-image-8698 aligncenter\" src=\"http:\/\/paroquiagloria.org\/v2\/wp-content\/uploads\/2020\/06\/catequese_sagardocoracao.jpg\" alt=\"catequese_sagardocoracao\" width=\"960\" height=\"960\" srcset=\"http:\/\/paroquiagloria.org\/v2\/wp-content\/uploads\/2020\/06\/catequese_sagardocoracao.jpg 960w, http:\/\/paroquiagloria.org\/v2\/wp-content\/uploads\/2020\/06\/catequese_sagardocoracao-150x150.jpg 150w, http:\/\/paroquiagloria.org\/v2\/wp-content\/uploads\/2020\/06\/catequese_sagardocoracao-300x300.jpg 300w, http:\/\/paroquiagloria.org\/v2\/wp-content\/uploads\/2020\/06\/catequese_sagardocoracao-185x185.jpg 185w, http:\/\/paroquiagloria.org\/v2\/wp-content\/uploads\/2020\/06\/catequese_sagardocoracao-184x184.jpg 184w\" sizes=\"(max-width: 960px) 100vw, 960px\" \/><\/a><\/p>\n<p>Junho \u00e9 o m\u00eas dedicado ao Sagrado Cora\u00e7\u00e3o de Jesus!<br \/>\nO Departamento da Catequese da Inf\u00e2ncia partilha mais uma iniciativa a realizar com as crian\u00e7as\/adolescentes das Catequeses alargando a iniciativa a toda a Comunidade Paroquial!<br \/>\nDesafiem pois ent\u00e3o os vossos catequizandos e Comunidades Paroquiais:<\/p>\n<p>1- a construir dois cora\u00e7\u00f5es interligados, no material que vos for mais f\u00e1cil, pr\u00e1tico e acess\u00edvel, e escrevam no seu interior o nome JESUS e MARIA,<\/p>\n<p>2- Colocar no exterior das casas, de forma vis\u00edvel!<\/p>\n<p>D\u00eaem pois testemunho vivo e activo da F\u00e9 que nos une!<\/p>\n","protected":false},"excerpt":{"rendered":"<p>&nbsp; Junho \u00e9 o m\u00eas dedicado ao Sagrado Cora\u00e7\u00e3o de Jesus! O Departamento da Catequese da Inf\u00e2ncia partilha mais uma iniciativa a realizar com as crian\u00e7as\/adolescentes das Catequeses alargando a iniciativa a toda a Comunidade Paroquial! Desafiem pois ent\u00e3o os vossos catequizandos e Comunidades Paroquiais: 1- a construir dois cora\u00e7\u00f5es interligados, no material que vos [&hellip;]<\/p>\n","protected":false},"author":1,"featured_media":8695,"comment_status":"open","ping_status":"closed","sticky":false,"template":"","format":"standard","meta":{"ngg_post_thumbnail":0},"categories":[1,4,2,6,22],"tags":[],"_links":{"self":[{"href":"http:\/\/paroquiagloria.org\/v2\/index.php?rest_route=\/wp\/v2\/posts\/8702"}],"collection":[{"href":"http:\/\/paroquiagloria.org\/v2\/index.php?rest_route=\/wp\/v2\/posts"}],"about":[{"href":"http:\/\/paroquiagloria.org\/v2\/index.php?rest_route=\/wp\/v2\/types\/post"}],"author":[{"embeddable":true,"href":"http:\/\/paroquiagloria.org\/v2\/index.php?rest_route=\/wp\/v2\/users\/1"}],"replies":[{"embeddable":true,"href":"http:\/\/paroquiagloria.org\/v2\/index.php?rest_route=%2Fwp%2Fv2%2Fcomments&post=8702"}],"version-history":[{"count":1,"href":"http:\/\/paroquiagloria.org\/v2\/index.php?rest_route=\/wp\/v2\/posts\/8702\/revisions"}],"predecessor-version":[{"id":8703,"href":"http:\/\/paroquiagloria.org\/v2\/index.php?rest_route=\/wp\/v2\/posts\/8702\/revisions\/8703"}],"wp:featuredmedia":[{"embeddable":true,"href":"http:\/\/paroquiagloria.org\/v2\/index.php?rest_route=\/wp\/v2\/media\/8695"}],"wp:attachment":[{"href":"http:\/\/paroquiagloria.org\/v2\/index.php?rest_route=%2Fwp%2Fv2%2Fmedia&parent=8702"}],"wp:term":[{"taxonomy":"category","embeddable":true,"href":"http:\/\/paroquiagloria.org\/v2\/index.php?rest_route=%2Fwp%2Fv2%2Fcategories&post=8702"},{"taxonomy":"post_tag","embeddable":true,"href":"http:\/\/paroquiagloria.org\/v2\/index.php?rest_route=%2Fwp%2Fv2%2Ftags&post=8702"}],"curies":[{"name":"wp","href":"https:\/\/api.w.org\/{rel}","templated":true}]}}